{"id":2630,"date":"2024-10-14T06:51:18","date_gmt":"2024-10-14T09:51:18","guid":{"rendered":"https:\/\/elfaroonline.com.ar\/?p=2630"},"modified":"2024-10-14T06:51:18","modified_gmt":"2024-10-14T09:51:18","slug":"finde-largo-en-catamarca-82-de-ocupacion-hotelera-y-mas-de-18-mil-turistas","status":"publish","type":"post","link":"https:\/\/elfaroonline.com.ar\/index.php\/2024\/10\/14\/finde-largo-en-catamarca-82-de-ocupacion-hotelera-y-mas-de-18-mil-turistas\/","title":{"rendered":"Finde largo en Catamarca: 82% de ocupaci\u00f3n hotelera y m\u00e1s de 18 mil turistas"},"content":{"rendered":"<p class=\"v1MsoNormal\"><span lang=\"ES\">El fin de semana largo de octubre tuvo un 82% de ocupaci\u00f3n hotelera a nivel provincial, con localidades como Antofagasta de la Sierra y Fiambal\u00e1 con ocupaci\u00f3n plena y con destinos como Bel\u00e9n con m\u00e1s del 80% y Capital con el 62%.<\/span><\/p>\n<p class=\"v1MsoNormal\"><span lang=\"ES\">&#8220;Tuvimos un muy buen movimiento tur\u00edstico, sobre todo en el interior de la provincia, traccionado por muchas actividades como trekkings, visitas a centros culturales y Ruta del Adobe, la Virgen de El Rodeo, el Congreso de Astroturismo de Andalgal\u00e1. Y todo esto es resultado de la promoci\u00f3n seria y sostenida que se viene haciendo, de la presencia sistem\u00e1tica de Catamarca en FIT, del Travel Sale, que muchos aprovecharon la compra para viajar este fin de semana largo&#8221;, destac\u00f3 la secretaria de Gesti\u00f3n Tur\u00edstica, Evangelina Quar\u00edn.<\/span><\/p>\n<p class=\"v1MsoNormal\"><span lang=\"ES\">Seg\u00fan la informaci\u00f3n relevada por la Direcci\u00f3n de Calidad Tur\u00edstica del Ministerio de Cultura, Turismo y Deporte, con la colaboraci\u00f3n de las \u00e1reas de turismo de los municipios y las asociaciones del sector, se pudo establecer que fueron m\u00e1s de 18 mil los turistas que recibi\u00f3 Catamarca el fin de semana y que tuvieron una estad\u00eda promedio de dos d\u00edas.<\/span><\/p>\n<p class=\"v1MsoNormal\"><span lang=\"ES\">Ese movimiento tur\u00edstico gener\u00f3 un impacto econ\u00f3mico de $1.652 millones, distribuidos en toda la cadena de valor del turismo, que contempla no solo alojamiento y gastronom\u00eda sino tambi\u00e9n otros prestadores de turismo activo, comercios, combustible, etc.<\/span><\/p>\n<p class=\"v1MsoNormal\"><span lang=\"ES\">Los n\u00fameros de Catamarca fueron destacados en el informe que la C\u00e1mara Argentina de la Mediana Empresa (CAME) y la Subsecretar\u00eda de Turismo de la Naci\u00f3n present\u00f3 a nivel nacional. &#8220;Hubo registros de ocupaci\u00f3n que superan el 90 por ciento en localidades de Patagonia y el Norte, en total se movilizaron m\u00e1s de 1,4 millones de personas por todo el pa\u00eds, lo que gener\u00f3 un impacto econ\u00f3mico de 228 mil millones de pesos&#8221;, se\u00f1ala el informe.<\/span><\/p>\n","protected":false},"excerpt":{"rendered":"<p>El fin de semana largo de octubre tuvo un 82% de ocupaci\u00f3n hotelera a nivel provincial, con localidades como Antofagasta de la Sierra y Fiambal\u00e1 con ocupaci\u00f3n plena y con destinos como Bel\u00e9n con m\u00e1s del 80% y Capital con el 62%. &#8220;Tuvimos un muy buen movimiento tur\u00edstico, sobre todo en el interior de la [&hellip;]<\/p>\n","protected":false},"author":2,"featured_media":2631,"comment_status":"open","ping_status":"open","sticky":false,"template":"","format":"standard","meta":{"footnotes":""},"categories":[20],"tags":[],"class_list":{"0":"post-2630","1":"post","2":"type-post","3":"status-publish","4":"format-standard","5":"has-post-thumbnail","7":"category-sociedad"},"aioseo_notices":[],"_links":{"self":[{"href":"https:\/\/elfaroonline.com.ar\/index.php\/wp-json\/wp\/v2\/posts\/2630","targetHints":{"allow":["GET"]}}],"collection":[{"href":"https:\/\/elfaroonline.com.ar\/index.php\/wp-json\/wp\/v2\/posts"}],"about":[{"href":"https:\/\/elfaroonline.com.ar\/index.php\/wp-json\/wp\/v2\/types\/post"}],"author":[{"embeddable":true,"href":"https:\/\/elfaroonline.com.ar\/index.php\/wp-json\/wp\/v2\/users\/2"}],"replies":[{"embeddable":true,"href":"https:\/\/elfaroonline.com.ar\/index.php\/wp-json\/wp\/v2\/comments?post=2630"}],"version-history":[{"count":1,"href":"https:\/\/elfaroonline.com.ar\/index.php\/wp-json\/wp\/v2\/posts\/2630\/revisions"}],"predecessor-version":[{"id":2632,"href":"https:\/\/elfaroonline.com.ar\/index.php\/wp-json\/wp\/v2\/posts\/2630\/revisions\/2632"}],"wp:featuredmedia":[{"embeddable":true,"href":"https:\/\/elfaroonline.com.ar\/index.php\/wp-json\/wp\/v2\/media\/2631"}],"wp:attachment":[{"href":"https:\/\/elfaroonline.com.ar\/index.php\/wp-json\/wp\/v2\/media?parent=2630"}],"wp:term":[{"taxonomy":"category","embeddable":true,"href":"https:\/\/elfaroonline.com.ar\/index.php\/wp-json\/wp\/v2\/categories?post=2630"},{"taxonomy":"post_tag","embeddable":true,"href":"https:\/\/elfaroonline.com.ar\/index.php\/wp-json\/wp\/v2\/tags?post=2630"}],"curies":[{"name":"wp","href":"https:\/\/api.w.org\/{rel}","templated":true}]}}