{"id":2633,"date":"2024-10-14T06:50:37","date_gmt":"2024-10-14T09:50:37","guid":{"rendered":"https:\/\/elfaroonline.com.ar\/?p=2633"},"modified":"2024-10-14T06:50:37","modified_gmt":"2024-10-14T09:50:37","slug":"sorpresa-en-san-lorenzo-renuncio-el-pipi-romagnoli","status":"publish","type":"post","link":"https:\/\/elfaroonline.com.ar\/index.php\/2024\/10\/14\/sorpresa-en-san-lorenzo-renuncio-el-pipi-romagnoli\/","title":{"rendered":"Sorpresa en San Lorenzo: renunci\u00f3 el Pipi Romagnoli"},"content":{"rendered":"<p>Un sentido comunicado de <b>San Lorenzo <\/b>confirm\u00f3 lo que se present\u00eda en los pasillos del <i>Nuevo Gas\u00f3metro<\/i>. <b>Leandro Romagnoli <\/b>dej\u00f3 de ser el entrenador del <i>Cicl\u00f3n <\/i>luego de que el ex volante le comunicara al presidente del club, <b>Marcelo Moretti<\/b>, que dar\u00eda un paso al costado. El <i>Pipi <\/i>tom\u00f3 la decisi\u00f3n despu\u00e9s del empate con <b>Godoy Cruz,<\/b>en el encuentro postergado de la tercera fecha de la Liga Profesional. Y el lunes por la ma\u00f1ana visitar\u00e1 la <b>Ciudad Deportiva <\/b>para despedirse del plantel y llevarse todas sus pertenencias.<\/p>\n<p>Lo que comenz\u00f3 con un interinato, tras la salida de <b>Ruben Dar\u00edo Insua,<\/b> se consolid\u00f3 con la clasificaci\u00f3n a las fases decisivas de la <b>Copa Libertadores<\/b>, pero la producci\u00f3n del <i>Cuervo <\/i>nunca termin\u00f3 de convencer a los hinchas y a las autoridades. Se trat\u00f3 de un ciclo inestable en el \u00e1mbito dom\u00e9stico, que incluy\u00f3 la dolorosa eliminaci\u00f3n de la<b> Copa Argentina<\/b> frente a <b>V\u00e9lez <\/b>y la p\u00e9sima campa\u00f1a en la Tabla Anual, donde el club de Boedo se encuentra a<b> ocho puntos de la zona de descenso<\/b>.<\/p>\n<p>Con tan solo <b>26 compromisos oficiales <\/b>al frente del equipo, el conjunto azulgrana logr\u00f3<b> 7 victorias, 9 empates y sufri\u00f3 10 derrotas,<\/b> una cosecha que marca el <b>38% de efectividad de los puntos obtenidos.<\/b><\/p>\n<p class=\"paragraph\" data-mrf-recirculation=\"Links inline\">Seg\u00fan inform\u00f3 <i>ESPN<\/i>, el principal candidato a reemplazar al m\u00e1ximo \u00eddolo de la instituci\u00f3n es <b>Pablo Guede<\/b>, de \u00faltimo paso por Argentinos Juniors, pero que dej\u00f3 un gran recuerdo cuando estuvo al frente de San Lorenzo en 2016, cuando el equipo qued\u00f3 segundo en una campa\u00f1a que cont\u00f3 con <b>10 victorias, 4 empates y 3 derrotas<\/b>.<\/p>\n<p class=\"paragraph\" data-mrf-recirculation=\"Links inline\">Como en la edici\u00f3n de la <b>Copa Libertadores <\/b>de ese a\u00f1o, el <i>Cicl\u00f3n <\/i>no pudo sumar de a tres (4 empates y 2 derrotas), el entrenador emigr\u00f3 al <b>Colo Colo <\/b>de <b>Chile<\/b>, para continuar su carrera por <b>Arabia Saudita, M\u00e9xico <\/b>y <b>Espa\u00f1a<\/b>, antes de regresar al pa\u00eds para sumarse al proyecto del <i>Bicho <\/i>de <b>La Paternal<\/b>.<\/p>\n","protected":false},"excerpt":{"rendered":"<p>Un sentido comunicado de San Lorenzo confirm\u00f3 lo que se present\u00eda en los pasillos del Nuevo Gas\u00f3metro. Leandro Romagnoli dej\u00f3 de ser el entrenador del Cicl\u00f3n luego de que el ex volante le comunicara al presidente del club, Marcelo Moretti, que dar\u00eda un paso al costado. El Pipi tom\u00f3 la decisi\u00f3n despu\u00e9s del empate con [&hellip;]<\/p>\n","protected":false},"author":2,"featured_media":2634,"comment_status":"open","ping_status":"open","sticky":false,"template":"","format":"standard","meta":{"footnotes":""},"categories":[25],"tags":[],"class_list":{"0":"post-2633","1":"post","2":"type-post","3":"status-publish","4":"format-standard","5":"has-post-thumbnail","7":"category-deportes"},"aioseo_notices":[],"_links":{"self":[{"href":"https:\/\/elfaroonline.com.ar\/index.php\/wp-json\/wp\/v2\/posts\/2633","targetHints":{"allow":["GET"]}}],"collection":[{"href":"https:\/\/elfaroonline.com.ar\/index.php\/wp-json\/wp\/v2\/posts"}],"about":[{"href":"https:\/\/elfaroonline.com.ar\/index.php\/wp-json\/wp\/v2\/types\/post"}],"author":[{"embeddable":true,"href":"https:\/\/elfaroonline.com.ar\/index.php\/wp-json\/wp\/v2\/users\/2"}],"replies":[{"embeddable":true,"href":"https:\/\/elfaroonline.com.ar\/index.php\/wp-json\/wp\/v2\/comments?post=2633"}],"version-history":[{"count":1,"href":"https:\/\/elfaroonline.com.ar\/index.php\/wp-json\/wp\/v2\/posts\/2633\/revisions"}],"predecessor-version":[{"id":2635,"href":"https:\/\/elfaroonline.com.ar\/index.php\/wp-json\/wp\/v2\/posts\/2633\/revisions\/2635"}],"wp:featuredmedia":[{"embeddable":true,"href":"https:\/\/elfaroonline.com.ar\/index.php\/wp-json\/wp\/v2\/media\/2634"}],"wp:attachment":[{"href":"https:\/\/elfaroonline.com.ar\/index.php\/wp-json\/wp\/v2\/media?parent=2633"}],"wp:term":[{"taxonomy":"category","embeddable":true,"href":"https:\/\/elfaroonline.com.ar\/index.php\/wp-json\/wp\/v2\/categories?post=2633"},{"taxonomy":"post_tag","embeddable":true,"href":"https:\/\/elfaroonline.com.ar\/index.php\/wp-json\/wp\/v2\/tags?post=2633"}],"curies":[{"name":"wp","href":"https:\/\/api.w.org\/{rel}","templated":true}]}}