{"id":2636,"date":"2024-10-14T06:50:05","date_gmt":"2024-10-14T09:50:05","guid":{"rendered":"https:\/\/elfaroonline.com.ar\/?p=2636"},"modified":"2024-10-14T06:50:05","modified_gmt":"2024-10-14T09:50:05","slug":"el-bid-otorgara-usd-3-800-millones-en-creditos-para-la-argentina","status":"publish","type":"post","link":"https:\/\/elfaroonline.com.ar\/index.php\/2024\/10\/14\/el-bid-otorgara-usd-3-800-millones-en-creditos-para-la-argentina\/","title":{"rendered":"El BID otorgar\u00e1 USD 3.800 millones en cr\u00e9ditos para la Argentina"},"content":{"rendered":"<p>El presidente del Banco Interamericano de Desarrollo (BID), el brasile\u00f1o <b>Ilan Goldfajn<\/b>, revel\u00f3 que el organismo proveer\u00e1 USD 3.800 millones en pr\u00e9stamos a la Argentina.<\/p>\n<p>En un art\u00edculo publicado en Financial Times, Goldfajn precis\u00f3 que la entidad completar\u00e1 este a\u00f1o USD 2.400 millones para el sector p\u00fablico y que BID Invest, una ventanilla que atiende al sector privado, proveer\u00e1 otros USD 1.400 millones para iniciativas privadas en el pa\u00eds en los pr\u00f3ximos dos a\u00f1os.<\/p>\n<p>\u201cLas reformas van a ayudar a la Argentina a liberarse de su historia\u201d es el t\u00edtulo de la nota, en la que Goldfajn, expresidente del Banco Central de Brasil y ex director del \u00e1rea del FMI que sigue las econom\u00edas latinoamericanas, resalt\u00f3 las recurrentes crisis econ\u00f3micas del pa\u00eds y consider\u00f3 que para superar ese pasado requiere \u201cun sector p\u00fablico m\u00e1s eficiente y un sector privado din\u00e1mico, que genere oportunidades y sirva como motor de crecimiento\u201d.<\/p>\n<p>Seg\u00fan Goldfajn, una alianza entre los sectores p\u00fablico y privado es \u201cclave\u201d para revivir a la econom\u00eda argentina. El actual gobierno, escribi\u00f3, \u201cliderado por el presidente <b>Javier Milei, <\/b>ha estado dando pasos decisivos en esta direcci\u00f3n: en solo siete mees ha conseguido progresos destacables para restaurar el muy necesario equilibrio fiscal, pasando de un d\u00e9ficit de 2,9% del PBI a fines de 2023 a un super\u00e1vit de 1,5% a fines de agosto de este a\u00f1o\u201d.<\/p>\n<p>No fue un proceso lineal, aclara el funcionario internacional: para lograrlo, el Gobierno aument\u00f3 los ingresos y redujo los gastos recortando subsidios, el gasto en infraestructura, los salarios p\u00fablicos y las transferencias a las provincias, mientras por otro lado aumentaba las tarifas y recaudaba impuestos especiales (en referencia al impuesto PAIS, cuya al\u00edcuota hasta septiembre tuvo un aumento de 10 puntos).<\/p>\n<p>Para mantenerse en ese sendero, piensa Goldfajn, el gasto p\u00fablico debe ser m\u00e1s eficiente y equitativo.. Al respecto menciona que seg\u00fan un estudio del BID hasta 7% del PBI puede ser reasignado y que las ineficiencias en transferencias y subsidios llegan al 3,3% del PBI. Por lo cual, subraya, \u201ces de la mayor importancia seguir mejorando la eficiencia del gasto y redireccionando recursos para ayudar mejor a los argentinos m\u00e1s vulnerables\u201d.<\/p>\n","protected":false},"excerpt":{"rendered":"<p>El presidente del Banco Interamericano de Desarrollo (BID), el brasile\u00f1o Ilan Goldfajn, revel\u00f3 que el organismo proveer\u00e1 USD 3.800 millones en pr\u00e9stamos a la Argentina. En un art\u00edculo publicado en Financial Times, Goldfajn precis\u00f3 que la entidad completar\u00e1 este a\u00f1o USD 2.400 millones para el sector p\u00fablico y que BID Invest, una ventanilla que atiende [&hellip;]<\/p>\n","protected":false},"author":2,"featured_media":2637,"comment_status":"open","ping_status":"open","sticky":false,"template":"","format":"standard","meta":{"footnotes":""},"categories":[22],"tags":[],"class_list":{"0":"post-2636","1":"post","2":"type-post","3":"status-publish","4":"format-standard","5":"has-post-thumbnail","7":"category-nacionales"},"aioseo_notices":[],"_links":{"self":[{"href":"https:\/\/elfaroonline.com.ar\/index.php\/wp-json\/wp\/v2\/posts\/2636","targetHints":{"allow":["GET"]}}],"collection":[{"href":"https:\/\/elfaroonline.com.ar\/index.php\/wp-json\/wp\/v2\/posts"}],"about":[{"href":"https:\/\/elfaroonline.com.ar\/index.php\/wp-json\/wp\/v2\/types\/post"}],"author":[{"embeddable":true,"href":"https:\/\/elfaroonline.com.ar\/index.php\/wp-json\/wp\/v2\/users\/2"}],"replies":[{"embeddable":true,"href":"https:\/\/elfaroonline.com.ar\/index.php\/wp-json\/wp\/v2\/comments?post=2636"}],"version-history":[{"count":1,"href":"https:\/\/elfaroonline.com.ar\/index.php\/wp-json\/wp\/v2\/posts\/2636\/revisions"}],"predecessor-version":[{"id":2638,"href":"https:\/\/elfaroonline.com.ar\/index.php\/wp-json\/wp\/v2\/posts\/2636\/revisions\/2638"}],"wp:featuredmedia":[{"embeddable":true,"href":"https:\/\/elfaroonline.com.ar\/index.php\/wp-json\/wp\/v2\/media\/2637"}],"wp:attachment":[{"href":"https:\/\/elfaroonline.com.ar\/index.php\/wp-json\/wp\/v2\/media?parent=2636"}],"wp:term":[{"taxonomy":"category","embeddable":true,"href":"https:\/\/elfaroonline.com.ar\/index.php\/wp-json\/wp\/v2\/categories?post=2636"},{"taxonomy":"post_tag","embeddable":true,"href":"https:\/\/elfaroonline.com.ar\/index.php\/wp-json\/wp\/v2\/tags?post=2636"}],"curies":[{"name":"wp","href":"https:\/\/api.w.org\/{rel}","templated":true}]}}