{"id":2639,"date":"2024-10-18T07:55:01","date_gmt":"2024-10-18T10:55:01","guid":{"rendered":"https:\/\/elfaroonline.com.ar\/?p=2639"},"modified":"2024-10-18T07:55:01","modified_gmt":"2024-10-18T10:55:01","slug":"la-comunidad-de-antofalla-tendra-su-jardin-de-infantes","status":"publish","type":"post","link":"https:\/\/elfaroonline.com.ar\/index.php\/2024\/10\/18\/la-comunidad-de-antofalla-tendra-su-jardin-de-infantes\/","title":{"rendered":"La comunidad de Antofalla tendr\u00e1 su Jard\u00edn de Infantes"},"content":{"rendered":"<p class=\"v1MsoNormal\">El gobernador Ra\u00fal Jalil recibi\u00f3 en Casa de Gobierno a alumnos de la Escuela N\u00b0116 &#8220;Nicol\u00e1s Ramos&#8221; de Antofalla y a integrantes de la comunidad oriunda de Antofagasta de la Sierra.<\/p>\n<p class=\"v1MsoNormal\">En el encuentro, los peque\u00f1os tuvieron la posibilidad de contar al mandatario sobre las diversas actividades que realizaron durante su participaci\u00f3n en El Ponchito el fin de semana y, a su vez, recorrieron las instalaciones de la hist\u00f3rica Casa de Gobierno.<\/p>\n<p class=\"v1MsoNormal\">Por otro parte, en di\u00e1logo con el cacique David Ramos, l\u00edder de la comunidad de Antofalla, se confirm\u00f3 que, a fines de noviembre o principios de diciembre, el Gobernador visitar\u00e1 Antofagasta de la Sierra para inaugurar el nuevo jard\u00edn de infantes que se est\u00e1 construyendo en la comunidad.<\/p>\n<p class=\"v1MsoNormal\">Este espacio contar\u00e1 con distintos espacios que brindar\u00e1n a los peque\u00f1os todas las comodidades necesarias para desarrollar sus primeras etapas de formaci\u00f3n educativa.<\/p>\n<p class=\"v1MsoNormal\">Tambi\u00e9n estuvieron presentes durante el ameno encuentro el vicegobernador Rub\u00e9n Dusso y la presidenta de la C\u00e1mara de Diputados, Paola Fedeli.<\/p>\n","protected":false},"excerpt":{"rendered":"<p>El gobernador Ra\u00fal Jalil recibi\u00f3 en Casa de Gobierno a alumnos de la Escuela N\u00b0116 &#8220;Nicol\u00e1s Ramos&#8221; de Antofalla y a integrantes de la comunidad oriunda de Antofagasta de la Sierra. En el encuentro, los peque\u00f1os tuvieron la posibilidad de contar al mandatario sobre las diversas actividades que realizaron durante su participaci\u00f3n en El Ponchito [&hellip;]<\/p>\n","protected":false},"author":2,"featured_media":2640,"comment_status":"open","ping_status":"open","sticky":false,"template":"","format":"standard","meta":{"footnotes":""},"categories":[20],"tags":[],"class_list":{"0":"post-2639","1":"post","2":"type-post","3":"status-publish","4":"format-standard","5":"has-post-thumbnail","7":"category-sociedad"},"aioseo_notices":[],"_links":{"self":[{"href":"https:\/\/elfaroonline.com.ar\/index.php\/wp-json\/wp\/v2\/posts\/2639","targetHints":{"allow":["GET"]}}],"collection":[{"href":"https:\/\/elfaroonline.com.ar\/index.php\/wp-json\/wp\/v2\/posts"}],"about":[{"href":"https:\/\/elfaroonline.com.ar\/index.php\/wp-json\/wp\/v2\/types\/post"}],"author":[{"embeddable":true,"href":"https:\/\/elfaroonline.com.ar\/index.php\/wp-json\/wp\/v2\/users\/2"}],"replies":[{"embeddable":true,"href":"https:\/\/elfaroonline.com.ar\/index.php\/wp-json\/wp\/v2\/comments?post=2639"}],"version-history":[{"count":1,"href":"https:\/\/elfaroonline.com.ar\/index.php\/wp-json\/wp\/v2\/posts\/2639\/revisions"}],"predecessor-version":[{"id":2641,"href":"https:\/\/elfaroonline.com.ar\/index.php\/wp-json\/wp\/v2\/posts\/2639\/revisions\/2641"}],"wp:featuredmedia":[{"embeddable":true,"href":"https:\/\/elfaroonline.com.ar\/index.php\/wp-json\/wp\/v2\/media\/2640"}],"wp:attachment":[{"href":"https:\/\/elfaroonline.com.ar\/index.php\/wp-json\/wp\/v2\/media?parent=2639"}],"wp:term":[{"taxonomy":"category","embeddable":true,"href":"https:\/\/elfaroonline.com.ar\/index.php\/wp-json\/wp\/v2\/categories?post=2639"},{"taxonomy":"post_tag","embeddable":true,"href":"https:\/\/elfaroonline.com.ar\/index.php\/wp-json\/wp\/v2\/tags?post=2639"}],"curies":[{"name":"wp","href":"https:\/\/api.w.org\/{rel}","templated":true}]}}