{"id":2642,"date":"2024-10-18T07:55:40","date_gmt":"2024-10-18T10:55:40","guid":{"rendered":"https:\/\/elfaroonline.com.ar\/?p=2642"},"modified":"2024-10-18T07:55:40","modified_gmt":"2024-10-18T10:55:40","slug":"abren-inscripciones-para-formar-parte-del-personal-del-servicio-penitenciario","status":"publish","type":"post","link":"https:\/\/elfaroonline.com.ar\/index.php\/2024\/10\/18\/abren-inscripciones-para-formar-parte-del-personal-del-servicio-penitenciario\/","title":{"rendered":"Abren inscripciones para formar parte del personal del Servicio Penitenciario"},"content":{"rendered":"<p class=\"v1MsoNormal\">El Servicio Penitenciario Provincial de Catamarca informa que a partir de ma\u00f1ana estar\u00e1n abiertas las inscripciones para el Ciclo Lectivo 2025. Los interesados en formar parte de la instituci\u00f3n podr\u00e1n postularse para una carrera orientada a la recapacitaci\u00f3n y reinserci\u00f3n social de personas privadas de su libertad, promoviendo programas educativos y laborales que favorezcan un cambio positivo de conducta.<\/p>\n<p class=\"v1MsoNormal\">Las inscripciones se realizar\u00e1n del 15 al 18 de octubre, per\u00edodo durante el cual se llevar\u00e1n a cabo evaluaciones f\u00edsicas, psicol\u00f3gicas y acad\u00e9micas para seleccionar a los mejores postulantes.<\/p>\n<p class=\"v1MsoNormal\">Las personas interesadas en formar parte de las Fuerzas de Seguridad podr\u00e1n completar los formularios correspondientes en los siguientes enlaces:<\/p>\n<p class=\"v1MsoNormal\">*Formulario de inscripci\u00f3n para Oficiales del Servicio Penitenciario Provincial: <a href=\"https:\/\/docs.google.com\/forms\/d\/e\/1FAIpQLSd_YEirvqis7GNVaGBEcNH6RlvuCopPrd0IhBzBBAnCUhpeJg\/viewform?usp=sf_link\" target=\"_blank\" rel=\"noopener noreferrer\">https:\/\/docs.google.com\/forms\/d\/e\/1FAIpQLSd_YEirvqis7GNVaGBEcNH6RlvuCopPrd0IhBzBBAnCUhpeJg\/viewform?usp=sf_link<\/a><\/p>\n<p class=\"v1MsoNormal\">*Formulario de inscripci\u00f3n para Agentes del Servicio Penitenciario Provincial: <a href=\"https:\/\/docs.google.com\/forms\/d\/e\/1FAIpQLScXu_HNFTIo_MACN3JrayijDbtZmJ9MmIC5oRAtc2giiXtv1w\/viewform?usp=sf_link\" target=\"_blank\" rel=\"noopener noreferrer\">https:\/\/docs.google.com\/forms\/d\/e\/1FAIpQLScXu_HNFTIo_MACN3JrayijDbtZmJ9MmIC5oRAtc2giiXtv1w\/viewform?usp=sf_link<\/a><\/p>\n","protected":false},"excerpt":{"rendered":"<p>El Servicio Penitenciario Provincial de Catamarca informa que a partir de ma\u00f1ana estar\u00e1n abiertas las inscripciones para el Ciclo Lectivo 2025. Los interesados en formar parte de la instituci\u00f3n podr\u00e1n postularse para una carrera orientada a la recapacitaci\u00f3n y reinserci\u00f3n social de personas privadas de su libertad, promoviendo programas educativos y laborales que favorezcan un [&hellip;]<\/p>\n","protected":false},"author":2,"featured_media":2643,"comment_status":"open","ping_status":"open","sticky":false,"template":"","format":"standard","meta":{"footnotes":""},"categories":[27],"tags":[],"class_list":{"0":"post-2642","1":"post","2":"type-post","3":"status-publish","4":"format-standard","5":"has-post-thumbnail","7":"category-policiales"},"aioseo_notices":[],"_links":{"self":[{"href":"https:\/\/elfaroonline.com.ar\/index.php\/wp-json\/wp\/v2\/posts\/2642","targetHints":{"allow":["GET"]}}],"collection":[{"href":"https:\/\/elfaroonline.com.ar\/index.php\/wp-json\/wp\/v2\/posts"}],"about":[{"href":"https:\/\/elfaroonline.com.ar\/index.php\/wp-json\/wp\/v2\/types\/post"}],"author":[{"embeddable":true,"href":"https:\/\/elfaroonline.com.ar\/index.php\/wp-json\/wp\/v2\/users\/2"}],"replies":[{"embeddable":true,"href":"https:\/\/elfaroonline.com.ar\/index.php\/wp-json\/wp\/v2\/comments?post=2642"}],"version-history":[{"count":2,"href":"https:\/\/elfaroonline.com.ar\/index.php\/wp-json\/wp\/v2\/posts\/2642\/revisions"}],"predecessor-version":[{"id":2686,"href":"https:\/\/elfaroonline.com.ar\/index.php\/wp-json\/wp\/v2\/posts\/2642\/revisions\/2686"}],"wp:featuredmedia":[{"embeddable":true,"href":"https:\/\/elfaroonline.com.ar\/index.php\/wp-json\/wp\/v2\/media\/2643"}],"wp:attachment":[{"href":"https:\/\/elfaroonline.com.ar\/index.php\/wp-json\/wp\/v2\/media?parent=2642"}],"wp:term":[{"taxonomy":"category","embeddable":true,"href":"https:\/\/elfaroonline.com.ar\/index.php\/wp-json\/wp\/v2\/categories?post=2642"},{"taxonomy":"post_tag","embeddable":true,"href":"https:\/\/elfaroonline.com.ar\/index.php\/wp-json\/wp\/v2\/tags?post=2642"}],"curies":[{"name":"wp","href":"https:\/\/api.w.org\/{rel}","templated":true}]}}