{"id":2645,"date":"2024-10-18T07:56:16","date_gmt":"2024-10-18T10:56:16","guid":{"rendered":"https:\/\/elfaroonline.com.ar\/?p=2645"},"modified":"2024-10-18T07:56:16","modified_gmt":"2024-10-18T10:56:16","slug":"el-gobierno-busca-potenciar-el-desarrollo-genetico-ganadero-en-un-trabajo-conjunto-con-el-sector-privado","status":"publish","type":"post","link":"https:\/\/elfaroonline.com.ar\/index.php\/2024\/10\/18\/el-gobierno-busca-potenciar-el-desarrollo-genetico-ganadero-en-un-trabajo-conjunto-con-el-sector-privado\/","title":{"rendered":"El Gobierno busca potenciar el desarrollo gen\u00e9tico ganadero en un trabajo conjunto con el sector privado"},"content":{"rendered":"<p class=\"v1MsoNormal\">El gobernador Ra\u00fal Jalil visit\u00f3 el proyecto de Caba\u00f1a Nuevo Milenium en Chumbicha, donde fue recibido por el propietario, Miguel \u00c1ngel Mellano. Este emprendimiento est\u00e1 enfocado en el desarrollo gen\u00e9tico de ganado bovino, caprino y ovino. Tambi\u00e9n estuvieron presentes el intendente de Capay\u00e1n, Alfredo Hoffman y el ministro de Inclusi\u00f3n Digital y Sistemas Productivos, Juan Cruz Miranda.<\/p>\n<p class=\"v1MsoNormal\">El plan forma parte de un convenio entre el Ministerio de Inclusi\u00f3n Digital y Sistemas Productivos y la empresa, en el cual se busca proporcionar acceso a la gen\u00e9tica avanzada de las razas ovina Dorper y Santa In\u00e9s y caprinos Boer.<\/p>\n<p class=\"v1MsoNormal\">Caba\u00f1a Nuevo Milenium es una empresa con importante trayectoria y ha obtenido un reconocimiento nacional a partir de la clonaci\u00f3n de cabras y ovinos, utilizando una tecnolog\u00eda multidisciplinaria en producci\u00f3n animal que pone a nuestro pa\u00eds a la vanguardia.<\/p>\n<p class=\"v1MsoNormal\">En el encuentro con el Gobernador, Mellano sostuvo que &#8220;estamos haciendo todo lo posible para mudarnos e instalarnos con nuestra tecnolog\u00eda en Catamarca&#8221;.<\/p>\n<p class=\"v1MsoNormal\">Por su parte, el ministro Miranda afirm\u00f3 que &#8220;el plan proveer\u00e1 toda la tecnolog\u00eda en gen\u00e9tica para el ganado local, mediante la instalaci\u00f3n de centros de servicio en diferentes puntos de la provincia y en articulaci\u00f3n con el sector privado. Estimamos la pr\u00f3xima apertura de dos centros, uno en La Merced y otro en el Oeste provincial&#8221;.<\/p>\n<p class=\"v1MsoNormal\">Estos lugares ofrecer\u00e1n animales puros de raza a disposici\u00f3n de los productores de la zona, con el objetivo de mejorar la gen\u00e9tica de los reba\u00f1os, ya sea a trav\u00e9s de servicios directos o mediante inseminaci\u00f3n artificial. Adem\u00e1s, se capacitar\u00e1 a los agentes locales para que puedan aplicar esta tecnolog\u00eda de forma aut\u00f3noma.<\/p>\n","protected":false},"excerpt":{"rendered":"<p>El gobernador Ra\u00fal Jalil visit\u00f3 el proyecto de Caba\u00f1a Nuevo Milenium en Chumbicha, donde fue recibido por el propietario, Miguel \u00c1ngel Mellano. Este emprendimiento est\u00e1 enfocado en el desarrollo gen\u00e9tico de ganado bovino, caprino y ovino. Tambi\u00e9n estuvieron presentes el intendente de Capay\u00e1n, Alfredo Hoffman y el ministro de Inclusi\u00f3n Digital y Sistemas Productivos, Juan [&hellip;]<\/p>\n","protected":false},"author":2,"featured_media":2646,"comment_status":"open","ping_status":"open","sticky":false,"template":"","format":"standard","meta":{"footnotes":""},"categories":[21],"tags":[],"class_list":{"0":"post-2645","1":"post","2":"type-post","3":"status-publish","4":"format-standard","5":"has-post-thumbnail","7":"category-politica"},"aioseo_notices":[],"_links":{"self":[{"href":"https:\/\/elfaroonline.com.ar\/index.php\/wp-json\/wp\/v2\/posts\/2645","targetHints":{"allow":["GET"]}}],"collection":[{"href":"https:\/\/elfaroonline.com.ar\/index.php\/wp-json\/wp\/v2\/posts"}],"about":[{"href":"https:\/\/elfaroonline.com.ar\/index.php\/wp-json\/wp\/v2\/types\/post"}],"author":[{"embeddable":true,"href":"https:\/\/elfaroonline.com.ar\/index.php\/wp-json\/wp\/v2\/users\/2"}],"replies":[{"embeddable":true,"href":"https:\/\/elfaroonline.com.ar\/index.php\/wp-json\/wp\/v2\/comments?post=2645"}],"version-history":[{"count":2,"href":"https:\/\/elfaroonline.com.ar\/index.php\/wp-json\/wp\/v2\/posts\/2645\/revisions"}],"predecessor-version":[{"id":2687,"href":"https:\/\/elfaroonline.com.ar\/index.php\/wp-json\/wp\/v2\/posts\/2645\/revisions\/2687"}],"wp:featuredmedia":[{"embeddable":true,"href":"https:\/\/elfaroonline.com.ar\/index.php\/wp-json\/wp\/v2\/media\/2646"}],"wp:attachment":[{"href":"https:\/\/elfaroonline.com.ar\/index.php\/wp-json\/wp\/v2\/media?parent=2645"}],"wp:term":[{"taxonomy":"category","embeddable":true,"href":"https:\/\/elfaroonline.com.ar\/index.php\/wp-json\/wp\/v2\/categories?post=2645"},{"taxonomy":"post_tag","embeddable":true,"href":"https:\/\/elfaroonline.com.ar\/index.php\/wp-json\/wp\/v2\/tags?post=2645"}],"curies":[{"name":"wp","href":"https:\/\/api.w.org\/{rel}","templated":true}]}}