{"id":2648,"date":"2024-10-18T07:56:50","date_gmt":"2024-10-18T10:56:50","guid":{"rendered":"https:\/\/elfaroonline.com.ar\/?p=2648"},"modified":"2024-10-18T07:56:50","modified_gmt":"2024-10-18T10:56:50","slug":"se-lanzo-el-fondo-de-garantia-catamarca-para-soporte-de-pymes","status":"publish","type":"post","link":"https:\/\/elfaroonline.com.ar\/index.php\/2024\/10\/18\/se-lanzo-el-fondo-de-garantia-catamarca-para-soporte-de-pymes\/","title":{"rendered":"Se lanz\u00f3 el Fondo de Garant\u00eda Catamarca para soporte de Pymes"},"content":{"rendered":"<p>El vicegobernador Rub\u00e9n Dusso, a cargo del Poder Ejecutivo, encabez\u00f3 el lanzamiento del Fondo de Garant\u00eda Catamarca (Fogacat), junto al secretario General del Consejo Federal de Inversiones, Ignacio Lamothe,la ministra de Hacienda, Alejandra Nazareno, presidenta del Fondo; el ministro de Gobierno, Justicia y Derechos Humanos, Fernando \u00c1vila; la ministra de Trabajo, Planificaci\u00f3n y Recursos Humanos, Ver\u00f3nica Soria; el ministro de Miner\u00eda, Marcelo Mur\u00faa y el ministro de Inclusi\u00f3n Digital y Sistemas Productivos, Juan Cruz Miranda.<\/p>\n<p>En el acto, donde estuvieron tambi\u00e9n presentes; la senadora Virginia del Arco, los senadores Ram\u00f3n Figueroa Castellanos y P\u00edo Carletta; y la jefa de Gabinete del Consejo Federal de Inversiones, Marcela Garavano; se fundament\u00f3 la creaci\u00f3n de esta entidad de apoyo financiero para potenciar Pymes en la provincia a trav\u00e9s de diferentes exposiciones que reflejaron la importancia de las peque\u00f1as y medianas empresas como motor de la econom\u00eda en su calidad de generadoras de empleo y valor agregado a la producci\u00f3n primaria.<\/p>\n<p>&#8220;Se trata de una herramienta financiera que brindar\u00e1 oportunidades de desarrollo y crecimiento a nuestras Pymes catamarque\u00f1as y que surge como un esfuerzo coordinado entre el sector p\u00fablico y privado, agradeciendo tambi\u00e9n al CFI por su apoyo permanente en cada proyecto que desde la provincia pensamos y ponemos en marcha para generar cada d\u00eda m\u00e1s crecimiento y posibilidades de empleo y mejora para toda la poblaci\u00f3n&#8221;, dijo el vicegobernador Dusso.<\/p>\n<p>Una de las voces de la jornada, como representante del sector privado local, fue la de la empresaria Florencia Sosa, quien dio en su presentaci\u00f3n un pantallazo del contexto actual de las Pymes en nuestro pa\u00eds, mostrando n\u00fameros referentes a la cantidad de empresas en funcionamiento, tecnolog\u00eda que implementan, n\u00famero de exportaciones, entre otras variables, haciendo tambi\u00e9n menci\u00f3n a las oportunidades y los objetivos que se presentan desde el sector.<\/p>\n<p>&#8220;Venimos acompa\u00f1ando este proceso desde la g\u00e9nesis: una gran tarea de la Ministra de Econom\u00eda que tom\u00f3 el tema de las manos, junto con Ver\u00f3nica Soria, que es la representante de la Provincia de Catamarca ante el CPI. Porque dise\u00f1ar un instrumento de esta naturaleza supone una complejidad enorme. El sistema de garant\u00edas en la Argentina todav\u00eda est\u00e1 en instancia de desarrollo. Reci\u00e9n el sistema federal est\u00e1 llegando a este proceso de armar sus propios instrumentos de financiamiento y creo que esos desaf\u00edos se fueron sorteando por decisi\u00f3n pol\u00edtica. Tenemos que exprimir esta herramienta porque cada peso que ponga la provincia de Catamarca y que ponga el CFI en el FOGACAT se va a multiplicar&#8221;, expres\u00f3 por su lado Lamothe.<\/p>\n<p>Sobre el final del evento se hizo entrega de cr\u00e9ditos, otorgados durante el a\u00f1o a Pymes de la provincia a trav\u00e9s de la unidad de enlace provincial (UEP) del CFI.<\/p>\n","protected":false},"excerpt":{"rendered":"<p>El vicegobernador Rub\u00e9n Dusso, a cargo del Poder Ejecutivo, encabez\u00f3 el lanzamiento del Fondo de Garant\u00eda Catamarca (Fogacat), junto al secretario General del Consejo Federal de Inversiones, Ignacio Lamothe,la ministra de Hacienda, Alejandra Nazareno, presidenta del Fondo; el ministro de Gobierno, Justicia y Derechos Humanos, Fernando \u00c1vila; la ministra de Trabajo, Planificaci\u00f3n y Recursos Humanos, [&hellip;]<\/p>\n","protected":false},"author":2,"featured_media":2649,"comment_status":"open","ping_status":"open","sticky":false,"template":"","format":"standard","meta":{"footnotes":""},"categories":[23,21],"tags":[],"class_list":{"0":"post-2648","1":"post","2":"type-post","3":"status-publish","4":"format-standard","5":"has-post-thumbnail","7":"category-destacados","8":"category-politica"},"aioseo_notices":[],"_links":{"self":[{"href":"https:\/\/elfaroonline.com.ar\/index.php\/wp-json\/wp\/v2\/posts\/2648","targetHints":{"allow":["GET"]}}],"collection":[{"href":"https:\/\/elfaroonline.com.ar\/index.php\/wp-json\/wp\/v2\/posts"}],"about":[{"href":"https:\/\/elfaroonline.com.ar\/index.php\/wp-json\/wp\/v2\/types\/post"}],"author":[{"embeddable":true,"href":"https:\/\/elfaroonline.com.ar\/index.php\/wp-json\/wp\/v2\/users\/2"}],"replies":[{"embeddable":true,"href":"https:\/\/elfaroonline.com.ar\/index.php\/wp-json\/wp\/v2\/comments?post=2648"}],"version-history":[{"count":1,"href":"https:\/\/elfaroonline.com.ar\/index.php\/wp-json\/wp\/v2\/posts\/2648\/revisions"}],"predecessor-version":[{"id":2650,"href":"https:\/\/elfaroonline.com.ar\/index.php\/wp-json\/wp\/v2\/posts\/2648\/revisions\/2650"}],"wp:featuredmedia":[{"embeddable":true,"href":"https:\/\/elfaroonline.com.ar\/index.php\/wp-json\/wp\/v2\/media\/2649"}],"wp:attachment":[{"href":"https:\/\/elfaroonline.com.ar\/index.php\/wp-json\/wp\/v2\/media?parent=2648"}],"wp:term":[{"taxonomy":"category","embeddable":true,"href":"https:\/\/elfaroonline.com.ar\/index.php\/wp-json\/wp\/v2\/categories?post=2648"},{"taxonomy":"post_tag","embeddable":true,"href":"https:\/\/elfaroonline.com.ar\/index.php\/wp-json\/wp\/v2\/tags?post=2648"}],"curies":[{"name":"wp","href":"https:\/\/api.w.org\/{rel}","templated":true}]}}