{"id":2651,"date":"2024-10-18T07:57:15","date_gmt":"2024-10-18T10:57:15","guid":{"rendered":"https:\/\/elfaroonline.com.ar\/?p=2651"},"modified":"2024-10-18T07:57:15","modified_gmt":"2024-10-18T10:57:15","slug":"capacitacion-en-manejo-de-tractores-y-mantenimiento-en-general","status":"publish","type":"post","link":"https:\/\/elfaroonline.com.ar\/index.php\/2024\/10\/18\/capacitacion-en-manejo-de-tractores-y-mantenimiento-en-general\/","title":{"rendered":"Capacitaci\u00f3n en Manejo de Tractores y Mantenimiento en General"},"content":{"rendered":"<p class=\"v1MsoNormal\">El Ministerio de Inclusi\u00f3n Digital y Sistemas Productivos, en colaboraci\u00f3n con las empresas proveedoras de maquinaria agr\u00edcola American Vial y American Agro, organiza la capacitaci\u00f3n te\u00f3rico-pr\u00e1ctica &#8220;Manejo de Tractores y Mantenimiento en General&#8221;.<\/p>\n<p class=\"v1MsoNormal\">Esta capacitaci\u00f3n se realizar\u00e1 el jueves 31 de octubre en las instalaciones de American Vial, ubicadas en Avenida Circunvalaci\u00f3n. El evento, que contribuir\u00e1 a profesionalizar el trabajo agr\u00edcola, est\u00e1 destinado a productores y personas interesadas en general de los departamentos de Ambato, Capay\u00e1n, Fray Mamerto Esqui\u00fa, Pacl\u00edn, Pom\u00e1n y Valle Viejo.<\/p>\n<p class=\"v1MsoNormal\">La jornada se desarrollar\u00e1 de 9:00 a 16:00 horas y contar\u00e1 con la participaci\u00f3n de t\u00e9cnicos especializados provenientes de Buenos Aires, quienes estar\u00e1n a cargo de impartir la formaci\u00f3n. El objetivo es fomentar el desarrollo de mano de obra calificada, brindando conocimientos integrales sobre el manejo y mantenimiento de tractores, promoviendo as\u00ed la reducci\u00f3n de riesgos de accidentes y el buen funcionamiento de la maquinaria mediante un mantenimiento adecuado.<\/p>\n<p class=\"v1MsoNormal\">La cartera productiva, liderada por Juan Cruz Miranda, trabaja siempre en conjunto con el sector privado en beneficio del sector productivo de la provincia, impulsando actividades formativas como esta para el desarrollo y fortalecimiento de la econom\u00eda local.<\/p>\n<p class=\"v1MsoNormal\">Quienes deseen participar pueden inscribirse llamando de lunes a viernes al <a href=\"tel:3834258505\">3834258505<\/a> en el horario de 8:00 a 12:00 horas. La actividad es gratuita y cuenta con cupos limitados.<\/p>\n","protected":false},"excerpt":{"rendered":"<p>El Ministerio de Inclusi\u00f3n Digital y Sistemas Productivos, en colaboraci\u00f3n con las empresas proveedoras de maquinaria agr\u00edcola American Vial y American Agro, organiza la capacitaci\u00f3n te\u00f3rico-pr\u00e1ctica &#8220;Manejo de Tractores y Mantenimiento en General&#8221;. Esta capacitaci\u00f3n se realizar\u00e1 el jueves 31 de octubre en las instalaciones de American Vial, ubicadas en Avenida Circunvalaci\u00f3n. El evento, que [&hellip;]<\/p>\n","protected":false},"author":2,"featured_media":2652,"comment_status":"open","ping_status":"open","sticky":false,"template":"","format":"standard","meta":{"footnotes":""},"categories":[20],"tags":[],"class_list":{"0":"post-2651","1":"post","2":"type-post","3":"status-publish","4":"format-standard","5":"has-post-thumbnail","7":"category-sociedad"},"aioseo_notices":[],"_links":{"self":[{"href":"https:\/\/elfaroonline.com.ar\/index.php\/wp-json\/wp\/v2\/posts\/2651","targetHints":{"allow":["GET"]}}],"collection":[{"href":"https:\/\/elfaroonline.com.ar\/index.php\/wp-json\/wp\/v2\/posts"}],"about":[{"href":"https:\/\/elfaroonline.com.ar\/index.php\/wp-json\/wp\/v2\/types\/post"}],"author":[{"embeddable":true,"href":"https:\/\/elfaroonline.com.ar\/index.php\/wp-json\/wp\/v2\/users\/2"}],"replies":[{"embeddable":true,"href":"https:\/\/elfaroonline.com.ar\/index.php\/wp-json\/wp\/v2\/comments?post=2651"}],"version-history":[{"count":1,"href":"https:\/\/elfaroonline.com.ar\/index.php\/wp-json\/wp\/v2\/posts\/2651\/revisions"}],"predecessor-version":[{"id":2653,"href":"https:\/\/elfaroonline.com.ar\/index.php\/wp-json\/wp\/v2\/posts\/2651\/revisions\/2653"}],"wp:featuredmedia":[{"embeddable":true,"href":"https:\/\/elfaroonline.com.ar\/index.php\/wp-json\/wp\/v2\/media\/2652"}],"wp:attachment":[{"href":"https:\/\/elfaroonline.com.ar\/index.php\/wp-json\/wp\/v2\/media?parent=2651"}],"wp:term":[{"taxonomy":"category","embeddable":true,"href":"https:\/\/elfaroonline.com.ar\/index.php\/wp-json\/wp\/v2\/categories?post=2651"},{"taxonomy":"post_tag","embeddable":true,"href":"https:\/\/elfaroonline.com.ar\/index.php\/wp-json\/wp\/v2\/tags?post=2651"}],"curies":[{"name":"wp","href":"https:\/\/api.w.org\/{rel}","templated":true}]}}