{"id":2654,"date":"2024-10-18T07:57:40","date_gmt":"2024-10-18T10:57:40","guid":{"rendered":"https:\/\/elfaroonline.com.ar\/?p=2654"},"modified":"2024-10-18T07:57:40","modified_gmt":"2024-10-18T10:57:40","slug":"nuevas-lineas-de-credito-para-pymes","status":"publish","type":"post","link":"https:\/\/elfaroonline.com.ar\/index.php\/2024\/10\/18\/nuevas-lineas-de-credito-para-pymes\/","title":{"rendered":"Nuevas l\u00edneas de cr\u00e9dito para pymes"},"content":{"rendered":"<p class=\"v1MsoNormal\">Durante el evento Potencia Pyme, se dieron a conocer las nuevas l\u00edneas de cr\u00e9dito del Consejo Federal de Inversiones (CFI) y el alcance del Programa de Promoci\u00f3n del Empleo Privado Registrado, que buscan potenciar el crecimiento de las peque\u00f1as y medianas empresas catamarque\u00f1as.<\/p>\n<p class=\"v1MsoNormal\">La ministra de Trabajo, Planificaci\u00f3n y Recursos Humanos, Ver\u00f3nica Soria, junto a las autoridades del Consejo Federal de Inversiones (CFI), entre ellas su secretario general Ignacio Lamothe y su equipo t\u00e9cnico, destac\u00f3 el compromiso del Gobierno con el desarrollo productivo local y la generaci\u00f3n de empleo genuino. &#8220;Estamos trabajando en l\u00edneas de cr\u00e9dito espec\u00edficas para mejorar la competitividad de nuestras pymes, especialmente en sectores estrat\u00e9gicos como miner\u00eda, turismo, agroindustria y comercio exterior&#8221;, afirm\u00f3. Tambi\u00e9n mencion\u00f3 el lanzamiento de cr\u00e9ditos destinados a mujeres emprendedoras y el financiamiento verde, orientado a proyectos de energ\u00edas renovables y eficiencia energ\u00e9tica.<\/p>\n<p class=\"v1MsoNormal\">En la oportunidad, se entregaron cinco cr\u00e9ditos en los siguientes rubros: turismo, agricultura, producci\u00f3n gourmet, venta de calzado y producci\u00f3n citr\u00edcola, en apoyo a la reactivaci\u00f3n productiva en estos sectores.<\/p>\n<p class=\"v1MsoNormal\">Soria tambi\u00e9n subray\u00f3 la importancia de la articulaci\u00f3n p\u00fablico-privada como motor de crecimiento econ\u00f3mico: &#8220;La \u00fanica manera de transformar la matriz productiva y generar m\u00e1s empleo genuino es trabajando juntos, Estado y sector privado. Estas l\u00edneas de cr\u00e9dito y programas son un ejemplo concreto de c\u00f3mo esta cooperaci\u00f3n puede abrir nuevas oportunidades para nuestras pymes y emprendedores&#8221;.<\/p>\n<p class=\"v1MsoNormal\">En relaci\u00f3n al empleo, la ministra enfatiz\u00f3 el valor del Programa de Promoci\u00f3n del Empleo Privado Registrado, que permite a los beneficiarios de becas acceder al empleo formal y apoya a las empresas en la cobertura de parte de los salarios de los trabajadores contratados. &#8220;Todas estas herramientas son fundamentales para que nuestras empresas y emprendedores puedan desarrollarse de manera sostenible, generando m\u00e1s y mejores empleos&#8221;, concluy\u00f3 Soria.<\/p>\n<p class=\"v1MsoNormal\">Por consultas sobre los cr\u00e9ditos, los interesados pueden comunicarse al correo electr\u00f3nico <a href=\"mailto:catamarca@uepcfi.org.ar\" rel=\"noreferrer\">catamarca@uepcfi.org.ar<\/a> o al tel\u00e9fono <a href=\"tel:3834-956934\">3834-956934<\/a>, mientras que para conocer m\u00e1s sobre los beneficios del Programa de Promoci\u00f3n del Empleo Privado Registrado, pueden contactarse con la Subsecretar\u00eda de Inclusi\u00f3n en el Mundo Laboral al <a href=\"tel:3834-069119\">3834-069119<\/a>\u00a0o mediante el correo electr\u00f3nico <a href=\"mailto:empleoprivadoregistrado@gmail.com\" rel=\"noreferrer\">empleoprivadoregistrado@gmail.com<\/a><\/p>\n","protected":false},"excerpt":{"rendered":"<p>Durante el evento Potencia Pyme, se dieron a conocer las nuevas l\u00edneas de cr\u00e9dito del Consejo Federal de Inversiones (CFI) y el alcance del Programa de Promoci\u00f3n del Empleo Privado Registrado, que buscan potenciar el crecimiento de las peque\u00f1as y medianas empresas catamarque\u00f1as. La ministra de Trabajo, Planificaci\u00f3n y Recursos Humanos, Ver\u00f3nica Soria, junto a [&hellip;]<\/p>\n","protected":false},"author":2,"featured_media":2655,"comment_status":"open","ping_status":"open","sticky":false,"template":"","format":"standard","meta":{"footnotes":""},"categories":[23,21],"tags":[],"class_list":{"0":"post-2654","1":"post","2":"type-post","3":"status-publish","4":"format-standard","5":"has-post-thumbnail","7":"category-destacados","8":"category-politica"},"aioseo_notices":[],"_links":{"self":[{"href":"https:\/\/elfaroonline.com.ar\/index.php\/wp-json\/wp\/v2\/posts\/2654","targetHints":{"allow":["GET"]}}],"collection":[{"href":"https:\/\/elfaroonline.com.ar\/index.php\/wp-json\/wp\/v2\/posts"}],"about":[{"href":"https:\/\/elfaroonline.com.ar\/index.php\/wp-json\/wp\/v2\/types\/post"}],"author":[{"embeddable":true,"href":"https:\/\/elfaroonline.com.ar\/index.php\/wp-json\/wp\/v2\/users\/2"}],"replies":[{"embeddable":true,"href":"https:\/\/elfaroonline.com.ar\/index.php\/wp-json\/wp\/v2\/comments?post=2654"}],"version-history":[{"count":1,"href":"https:\/\/elfaroonline.com.ar\/index.php\/wp-json\/wp\/v2\/posts\/2654\/revisions"}],"predecessor-version":[{"id":2656,"href":"https:\/\/elfaroonline.com.ar\/index.php\/wp-json\/wp\/v2\/posts\/2654\/revisions\/2656"}],"wp:featuredmedia":[{"embeddable":true,"href":"https:\/\/elfaroonline.com.ar\/index.php\/wp-json\/wp\/v2\/media\/2655"}],"wp:attachment":[{"href":"https:\/\/elfaroonline.com.ar\/index.php\/wp-json\/wp\/v2\/media?parent=2654"}],"wp:term":[{"taxonomy":"category","embeddable":true,"href":"https:\/\/elfaroonline.com.ar\/index.php\/wp-json\/wp\/v2\/categories?post=2654"},{"taxonomy":"post_tag","embeddable":true,"href":"https:\/\/elfaroonline.com.ar\/index.php\/wp-json\/wp\/v2\/tags?post=2654"}],"curies":[{"name":"wp","href":"https:\/\/api.w.org\/{rel}","templated":true}]}}