{"id":2657,"date":"2024-10-18T07:58:04","date_gmt":"2024-10-18T10:58:04","guid":{"rendered":"https:\/\/elfaroonline.com.ar\/?p=2657"},"modified":"2024-10-18T07:58:04","modified_gmt":"2024-10-18T10:58:04","slug":"a-traves-del-fogacat-se-facilitara-el-acceso-a-financiamiento-de-mipymes","status":"publish","type":"post","link":"https:\/\/elfaroonline.com.ar\/index.php\/2024\/10\/18\/a-traves-del-fogacat-se-facilitara-el-acceso-a-financiamiento-de-mipymes\/","title":{"rendered":"A trav\u00e9s del FOGACAT se facilitar\u00e1 el acceso a financiamiento de MiPyMEs"},"content":{"rendered":"<p class=\"v1MsoNormal\">A la par de la presentaci\u00f3n y lanzamiento del Fondo de Garant\u00eda Catamarca S.A.P.E.M. (FOGACAT), el Ministerio de Industria, Comercio y Empleo firm\u00f3 un convenio con la flamante entidad cuya finalidad es incorporar como una importante herramienta las garant\u00edas para facilitar el acceso al financiamiento y promover el desarrollo de las empresas de la Provincia.<\/p>\n<p class=\"v1MsoNormal\">El convenio fue firmado por el ministro de Industria, Comercio y Empleo, Sebasti\u00e1n Caria, y el vicepresidente de FOGACAT, Eduardo Castagnola, y a partir de este instrumento, las personas humanas y\/o personas jur\u00eddicas que califiquen como MiPyMEs y que soliciten financiamiento a trav\u00e9s del Programa Producir, podr\u00e1n contar con la garant\u00eda del FOGACAT como aval para la concreci\u00f3n del cr\u00e9dito.<\/p>\n<p class=\"v1MsoNormal\">A trav\u00e9s del Programa PRODUCIR, la cartera otorga asistencia financiera a los peque\u00f1os productores y\/o micro, peque\u00f1as y medianas empresas de la Provincia de Catamarca, con tasa de inter\u00e9s promocional y mayor flexibilidad en cuanto a las exigencias vigentes en el mercado financiero, actuando como agente financiero del Estado el Banco de la Naci\u00f3n Argentina.<\/p>\n<p class=\"v1MsoNormal\">Actualmente, el Producir cuenta con las siguientes l\u00edneas: Producir Sector Industrial, Producir Sector Comercio y Servicios, Producir Inclusi\u00f3n con perspectiva de g\u00e9nero, y Producir subprograma Activa MiPyme.<\/p>\n<p class=\"v1MsoNormal\">El ministro Caria valor\u00f3 la asistencia de garant\u00edas del FOGACAT y manifest\u00f3 que &#8220;estamos incorporando una herramienta clave que va a facilitar el acceso de nuestros empresarios, peque\u00f1os y medianos, al cr\u00e9dito ya que en muchos casos se hace inaccesible por la falta de avales&#8221;.<\/p>\n","protected":false},"excerpt":{"rendered":"<p>A la par de la presentaci\u00f3n y lanzamiento del Fondo de Garant\u00eda Catamarca S.A.P.E.M. (FOGACAT), el Ministerio de Industria, Comercio y Empleo firm\u00f3 un convenio con la flamante entidad cuya finalidad es incorporar como una importante herramienta las garant\u00edas para facilitar el acceso al financiamiento y promover el desarrollo de las empresas de la Provincia. [&hellip;]<\/p>\n","protected":false},"author":2,"featured_media":2658,"comment_status":"open","ping_status":"open","sticky":false,"template":"","format":"standard","meta":{"footnotes":""},"categories":[21],"tags":[],"class_list":{"0":"post-2657","1":"post","2":"type-post","3":"status-publish","4":"format-standard","5":"has-post-thumbnail","7":"category-politica"},"aioseo_notices":[],"_links":{"self":[{"href":"https:\/\/elfaroonline.com.ar\/index.php\/wp-json\/wp\/v2\/posts\/2657","targetHints":{"allow":["GET"]}}],"collection":[{"href":"https:\/\/elfaroonline.com.ar\/index.php\/wp-json\/wp\/v2\/posts"}],"about":[{"href":"https:\/\/elfaroonline.com.ar\/index.php\/wp-json\/wp\/v2\/types\/post"}],"author":[{"embeddable":true,"href":"https:\/\/elfaroonline.com.ar\/index.php\/wp-json\/wp\/v2\/users\/2"}],"replies":[{"embeddable":true,"href":"https:\/\/elfaroonline.com.ar\/index.php\/wp-json\/wp\/v2\/comments?post=2657"}],"version-history":[{"count":1,"href":"https:\/\/elfaroonline.com.ar\/index.php\/wp-json\/wp\/v2\/posts\/2657\/revisions"}],"predecessor-version":[{"id":2659,"href":"https:\/\/elfaroonline.com.ar\/index.php\/wp-json\/wp\/v2\/posts\/2657\/revisions\/2659"}],"wp:featuredmedia":[{"embeddable":true,"href":"https:\/\/elfaroonline.com.ar\/index.php\/wp-json\/wp\/v2\/media\/2658"}],"wp:attachment":[{"href":"https:\/\/elfaroonline.com.ar\/index.php\/wp-json\/wp\/v2\/media?parent=2657"}],"wp:term":[{"taxonomy":"category","embeddable":true,"href":"https:\/\/elfaroonline.com.ar\/index.php\/wp-json\/wp\/v2\/categories?post=2657"},{"taxonomy":"post_tag","embeddable":true,"href":"https:\/\/elfaroonline.com.ar\/index.php\/wp-json\/wp\/v2\/tags?post=2657"}],"curies":[{"name":"wp","href":"https:\/\/api.w.org\/{rel}","templated":true}]}}