{"id":268,"date":"2024-04-16T16:18:11","date_gmt":"2024-04-16T19:18:11","guid":{"rendered":"https:\/\/elfaroonline.com.ar\/?p=268"},"modified":"2024-04-16T16:18:11","modified_gmt":"2024-04-16T19:18:11","slug":"respuesta-del-gobierno-provincial-a-necesidades-de-productores-de-aconquija","status":"publish","type":"post","link":"https:\/\/elfaroonline.com.ar\/index.php\/2024\/04\/16\/respuesta-del-gobierno-provincial-a-necesidades-de-productores-de-aconquija\/","title":{"rendered":"Respuesta del Gobierno provincial a necesidades de productores de Aconquija"},"content":{"rendered":"<p class=\"v1MsoNormal\">El gobernador Ra\u00fal Jalil, junto al ministro de Inclusi\u00f3n Digital y Sistemas Productivos, Juan Cruz Miranda, y el senador por Andalgal\u00e1, Horacio Guti\u00e9rrez, mantuvieron una reuni\u00f3n en Casa de Gobierno con productores de la localidad de Aconquija.<\/p>\n<p class=\"v1MsoNormal\">Durante el encuentro, los emprendedores expusieron sus necesidades y proyectos para mejorar sus producciones. En ese sentido, solicitaron al Gobernador la realizaci\u00f3n de una obra de energ\u00eda el\u00e9ctrica trif\u00e1sica para la zona del Campo de Pucar\u00e1, una medida que apunta a la eficiencia de sus cultivos.<\/p>\n<p class=\"v1MsoNormal\">Tras interiorizarse sobre las actividades y problem\u00e1ticas del sector, el mandatario afirm\u00f3 que se trabajar\u00e1 para concretar la obra de energ\u00eda el\u00e9ctrica solicitada. En ese contexto, este mi\u00e9rcoles, se realizar\u00e1 una reuni\u00f3n en la Municipalidad de Aconquija con personal de la EC SAPEM para avanzar con el proyecto, el cual permitir\u00e1 actualizar las formas de riego energizando los pozos y reduciendo los costos asociados al uso de motores a combustible.<\/p>\n<p class=\"v1MsoNormal\">Adem\u00e1s, durante la reuni\u00f3n, el Gobierno ofreci\u00f3 zonas disponibles como el Campo de Huaco, para que los productores puedan invertir en la papa u otros cultivos. Esta propuesta gener\u00f3 gran inter\u00e9s entre los presentes, quienes se mostraron dispuestos a analizarla detenidamente.<\/p>\n<p class=\"v1MsoNormal\">El senador Horacio Guti\u00e9rrez expres\u00f3 su satisfacci\u00f3n por los resultados de la reuni\u00f3n, destacando que &#8220;se van a hacer las inversiones para que se ampl\u00ede la superficie bajo riego que tiene el Campo de Pucar\u00e1 y se realicen otros cultivos en la \u00e9poca de fr\u00edo que no se hacen hoy en d\u00eda por problemas de riego y tambi\u00e9n de costos&#8221;.<\/p>\n<p class=\"v1MsoNormal\">Participaron del encuentro los productores Nicol\u00e1s Rivas Chein, Federico Torres Linares, Jos\u00e9 Rivas, adem\u00e1s de Antonio Svaldi y Pablo Gim\u00e9nez.<\/p>\n","protected":false},"excerpt":{"rendered":"<p>El gobernador Ra\u00fal Jalil, junto al ministro de Inclusi\u00f3n Digital y Sistemas Productivos, Juan Cruz Miranda, y el senador por Andalgal\u00e1, Horacio Guti\u00e9rrez, mantuvieron una reuni\u00f3n en Casa de Gobierno con productores de la localidad de Aconquija. Durante el encuentro, los emprendedores expusieron sus necesidades y proyectos para mejorar sus producciones. En ese sentido, solicitaron [&hellip;]<\/p>\n","protected":false},"author":2,"featured_media":269,"comment_status":"open","ping_status":"open","sticky":false,"template":"","format":"standard","meta":{"footnotes":""},"categories":[23],"tags":[],"class_list":{"0":"post-268","1":"post","2":"type-post","3":"status-publish","4":"format-standard","5":"has-post-thumbnail","7":"category-destacados"},"aioseo_notices":[],"_links":{"self":[{"href":"https:\/\/elfaroonline.com.ar\/index.php\/wp-json\/wp\/v2\/posts\/268","targetHints":{"allow":["GET"]}}],"collection":[{"href":"https:\/\/elfaroonline.com.ar\/index.php\/wp-json\/wp\/v2\/posts"}],"about":[{"href":"https:\/\/elfaroonline.com.ar\/index.php\/wp-json\/wp\/v2\/types\/post"}],"author":[{"embeddable":true,"href":"https:\/\/elfaroonline.com.ar\/index.php\/wp-json\/wp\/v2\/users\/2"}],"replies":[{"embeddable":true,"href":"https:\/\/elfaroonline.com.ar\/index.php\/wp-json\/wp\/v2\/comments?post=268"}],"version-history":[{"count":1,"href":"https:\/\/elfaroonline.com.ar\/index.php\/wp-json\/wp\/v2\/posts\/268\/revisions"}],"predecessor-version":[{"id":270,"href":"https:\/\/elfaroonline.com.ar\/index.php\/wp-json\/wp\/v2\/posts\/268\/revisions\/270"}],"wp:featuredmedia":[{"embeddable":true,"href":"https:\/\/elfaroonline.com.ar\/index.php\/wp-json\/wp\/v2\/media\/269"}],"wp:attachment":[{"href":"https:\/\/elfaroonline.com.ar\/index.php\/wp-json\/wp\/v2\/media?parent=268"}],"wp:term":[{"taxonomy":"category","embeddable":true,"href":"https:\/\/elfaroonline.com.ar\/index.php\/wp-json\/wp\/v2\/categories?post=268"},{"taxonomy":"post_tag","embeddable":true,"href":"https:\/\/elfaroonline.com.ar\/index.php\/wp-json\/wp\/v2\/tags?post=268"}],"curies":[{"name":"wp","href":"https:\/\/api.w.org\/{rel}","templated":true}]}}