{"id":2697,"date":"2024-10-21T07:04:57","date_gmt":"2024-10-21T10:04:57","guid":{"rendered":"https:\/\/elfaroonline.com.ar\/?p=2697"},"modified":"2024-10-21T07:04:57","modified_gmt":"2024-10-21T10:04:57","slug":"el-corredor-bioceanico-fue-presentado-ante-inversores-de-japon","status":"publish","type":"post","link":"https:\/\/elfaroonline.com.ar\/index.php\/2024\/10\/21\/el-corredor-bioceanico-fue-presentado-ante-inversores-de-japon\/","title":{"rendered":"El Corredor Bioce\u00e1nico fue presentado ante inversores de Jap\u00f3n"},"content":{"rendered":"<p>El vicegobernador Rub\u00e9n Dusso comparti\u00f3 en el NODO Tecnol\u00f3gico, junto al gobernador Ra\u00fal Jalil, el evento &#8220;Exposici\u00f3n de oportunidades de inversi\u00f3n en Catamarca&#8221;, que cont\u00f3 con la presencia de Miguel Miyashiro, presidente de la Asociaci\u00f3n Jap\u00f3n en Catamarca, as\u00ed como del Director General en Buenos Aires de la entidad japonesa JETRO, Yusuke Nishizawa. La idea fundamental del encuentro fue exponer las diferentes potencialidades que Catamarca tiene para los inversores que deseen comenzar a trabajar en el territorio provincial.<\/p>\n<p>JETRO (Japan External Trade Organization) es un organismo con m\u00e1s de 60 a\u00f1os creado con el fin de promover el desarrollo de los lazos comerciales y econ\u00f3micos de Jap\u00f3n en el exterior. Actualmente brinda un amplio rango de servicios como el apoyo a los intercambios tecnol\u00f3gicos y de inversiones.<\/p>\n<p>Durante el evento, el vicegobernador Dusso tuvo la oportunidad de exponer frente a las potenciales empresas inversoras japonesas, junto a Rosana Solohaga, titular de la Secretaria de Log\u00edstica del Ministerio de Integraci\u00f3n Regional, Log\u00edstica y Transporte de Catamarca, un panorama de la misi\u00f3n as\u00ed como detalles de la planificaci\u00f3n y puesta en marcha del proyecto del Corredor Bioce\u00e1nico por el Paso de San Francisco: un proyecto hist\u00f3rico que revive buscando la mejor salida exportadora para la producci\u00f3n local hacia los mercados de Oriente. Esta iniciativa guiar\u00e1 la producci\u00f3n de las regiones Noa, Nea y Centro argentinas por v\u00edas f\u00e9rreas, y a trav\u00e9s del Paso de San Francisco, a los puertos de aguas profundas de la regi\u00f3n chilena de Atacama.<\/p>\n<p>&#8220;Son muy grandes los beneficios de poder usar el Corredor Bioce\u00e1nico, son muy grandes las oportunidades que tenemos en este momento, y que no ten\u00edamos antes, gracias a las ofertas exportables que hay ahora en la zona catamarque\u00f1a de Fiambal\u00e1 y la provincia toda, pensando en el oc\u00e9ano Pac\u00edfico. Tenemos muchas motivaciones para que este proyecto sea posible y deseamos fervientemente, como dijo el gobernador en su introducci\u00f3n, que Jap\u00f3n sea nuestro socio para las inversiones y nuestro socio para poder lograr estos objetivos&#8221;, expres\u00f3 Dusso.<\/p>\n<p><b>Sobre el Corredor Bioce\u00e1nico<\/b><\/p>\n<p>Se trata de un proyecto hist\u00f3ricamente postergado, con un fuerte car\u00e1cter federal capaz de dar un giro en la matriz productiva argentina, revirtiendo las asimetr\u00edas que abri\u00f3 la tambi\u00e9n hist\u00f3rica concentraci\u00f3n de car\u00e1cter unitario que orient\u00f3 siempre las exportaciones nacionales sobre el puerto atl\u00e1ntico de Buenos Aires.<\/p>\n<p>El proyecto del Corredor prev\u00e9 el ahorro de 15 d\u00edas de navegaci\u00f3n en los viajes hacia oriente, sumado a esto la ventaja de poder cargar en las aguas profundas chilenas buques con cargamentos de hasta 400 mil toneladas de mercader\u00eda, contra las 50 mil toneladas que hoy permiten los puertos de Buenos aires y Rosario. &#8220;Esto significar\u00eda altos niveles de competitividad, por ejemplo en las carnes, que podr\u00edan ahorrarse 15 d\u00edas en el transporte hacia Oriente siendo esto muy conveniente no solo por la disminuci\u00f3n de costos de fletes sino por mantenerse la calidad de los productos&#8221;, indic\u00f3 Dusso.<\/p>\n","protected":false},"excerpt":{"rendered":"<p>El vicegobernador Rub\u00e9n Dusso comparti\u00f3 en el NODO Tecnol\u00f3gico, junto al gobernador Ra\u00fal Jalil, el evento &#8220;Exposici\u00f3n de oportunidades de inversi\u00f3n en Catamarca&#8221;, que cont\u00f3 con la presencia de Miguel Miyashiro, presidente de la Asociaci\u00f3n Jap\u00f3n en Catamarca, as\u00ed como del Director General en Buenos Aires de la entidad japonesa JETRO, Yusuke Nishizawa. La idea [&hellip;]<\/p>\n","protected":false},"author":2,"featured_media":2698,"comment_status":"open","ping_status":"open","sticky":false,"template":"","format":"standard","meta":{"footnotes":""},"categories":[21],"tags":[],"class_list":{"0":"post-2697","1":"post","2":"type-post","3":"status-publish","4":"format-standard","5":"has-post-thumbnail","7":"category-politica"},"aioseo_notices":[],"_links":{"self":[{"href":"https:\/\/elfaroonline.com.ar\/index.php\/wp-json\/wp\/v2\/posts\/2697","targetHints":{"allow":["GET"]}}],"collection":[{"href":"https:\/\/elfaroonline.com.ar\/index.php\/wp-json\/wp\/v2\/posts"}],"about":[{"href":"https:\/\/elfaroonline.com.ar\/index.php\/wp-json\/wp\/v2\/types\/post"}],"author":[{"embeddable":true,"href":"https:\/\/elfaroonline.com.ar\/index.php\/wp-json\/wp\/v2\/users\/2"}],"replies":[{"embeddable":true,"href":"https:\/\/elfaroonline.com.ar\/index.php\/wp-json\/wp\/v2\/comments?post=2697"}],"version-history":[{"count":1,"href":"https:\/\/elfaroonline.com.ar\/index.php\/wp-json\/wp\/v2\/posts\/2697\/revisions"}],"predecessor-version":[{"id":2699,"href":"https:\/\/elfaroonline.com.ar\/index.php\/wp-json\/wp\/v2\/posts\/2697\/revisions\/2699"}],"wp:featuredmedia":[{"embeddable":true,"href":"https:\/\/elfaroonline.com.ar\/index.php\/wp-json\/wp\/v2\/media\/2698"}],"wp:attachment":[{"href":"https:\/\/elfaroonline.com.ar\/index.php\/wp-json\/wp\/v2\/media?parent=2697"}],"wp:term":[{"taxonomy":"category","embeddable":true,"href":"https:\/\/elfaroonline.com.ar\/index.php\/wp-json\/wp\/v2\/categories?post=2697"},{"taxonomy":"post_tag","embeddable":true,"href":"https:\/\/elfaroonline.com.ar\/index.php\/wp-json\/wp\/v2\/tags?post=2697"}],"curies":[{"name":"wp","href":"https:\/\/api.w.org\/{rel}","templated":true}]}}