{"id":2700,"date":"2024-10-21T07:05:29","date_gmt":"2024-10-21T10:05:29","guid":{"rendered":"https:\/\/elfaroonline.com.ar\/?p=2700"},"modified":"2024-10-21T07:05:29","modified_gmt":"2024-10-21T10:05:29","slug":"interceptaron-en-catamarca-mas-de-2-kilos-de-cocaina-ocultos-dentro-de-zapatillas-deportivas-y-borcegos-de-trabajo","status":"publish","type":"post","link":"https:\/\/elfaroonline.com.ar\/index.php\/2024\/10\/21\/interceptaron-en-catamarca-mas-de-2-kilos-de-cocaina-ocultos-dentro-de-zapatillas-deportivas-y-borcegos-de-trabajo\/","title":{"rendered":"Interceptaron en Catamarca m\u00e1s de 2 kilos de coca\u00edna ocultos dentro de zapatillas deportivas y borcegos de trabajo"},"content":{"rendered":"<p class=\"v1MsoNormal\"><span lang=\"ES\">Integrantes de la <b>Patrulla Fija &#8220;Las Salinas&#8221;<\/b>dependiente del <b>Escuadr\u00f3n N\u00facleo &#8220;Catamarca&#8221;,<\/b> ayer sobre la Ruta Nacional 157 altura de la localidad de Recreo, inspeccionaron un rodado de carga. <\/span><\/p>\n<p class=\"v1MsoNormal\"><span lang=\"ES\">\u00a0<\/span><\/p>\n<p class=\"v1MsoNormal\"><span lang=\"ES\">A los fines de efectuar el registro, los <b>gendarmes<\/b>individualizaron <b>dos cajas de cart\u00f3n envueltas con cinta adhesiva transparente, en modalidad de encomienda con n\u00famero de gu\u00eda, la cual emanaba un fuerte olor<\/b>. Ante indicios de estar en presencia de sustancias il\u00edcitas, se dio intervenci\u00f3n al Juzgado Federal de Catamarca quien emiti\u00f3 Oficio Judicial para que se efectu\u00e9 la apertura. <\/span><\/p>\n<p class=\"v1MsoNormal\"><span lang=\"ES\">\u00a0<\/span><\/p>\n<p class=\"v1MsoNormal\"><span lang=\"ES\">Dando cumplimiento a lo ordenado y ante la presencia de testigos, los <b>uniformados <\/b>hallaron en el interior de <b>seis zapatillas y borcegos paquetes rectangulares con una sustancia blancuzca<\/b>, que tras realizarla la prueba de orientaci\u00f3n de campo, arroj\u00f3 positivo <b>2 kilos 99 gramos de coca\u00edna<\/b>.<\/span><\/p>\n<p class=\"v1MsoNormal\"><span lang=\"ES\">\u00a0<\/span><\/p>\n<p class=\"v1MsoNormal\"><span lang=\"ES\">Como resultado, el Magistrado interviniente orden\u00f3 el secuestr\u00f3 del estupefaciente.<\/span><\/p>\n","protected":false},"excerpt":{"rendered":"<p>Integrantes de la Patrulla Fija &#8220;Las Salinas&#8221;dependiente del Escuadr\u00f3n N\u00facleo &#8220;Catamarca&#8221;, ayer sobre la Ruta Nacional 157 altura de la localidad de Recreo, inspeccionaron un rodado de carga. \u00a0 A los fines de efectuar el registro, los gendarmesindividualizaron dos cajas de cart\u00f3n envueltas con cinta adhesiva transparente, en modalidad de encomienda con n\u00famero de gu\u00eda, [&hellip;]<\/p>\n","protected":false},"author":2,"featured_media":2701,"comment_status":"open","ping_status":"open","sticky":false,"template":"","format":"standard","meta":{"footnotes":""},"categories":[27],"tags":[],"class_list":{"0":"post-2700","1":"post","2":"type-post","3":"status-publish","4":"format-standard","5":"has-post-thumbnail","7":"category-policiales"},"aioseo_notices":[],"_links":{"self":[{"href":"https:\/\/elfaroonline.com.ar\/index.php\/wp-json\/wp\/v2\/posts\/2700","targetHints":{"allow":["GET"]}}],"collection":[{"href":"https:\/\/elfaroonline.com.ar\/index.php\/wp-json\/wp\/v2\/posts"}],"about":[{"href":"https:\/\/elfaroonline.com.ar\/index.php\/wp-json\/wp\/v2\/types\/post"}],"author":[{"embeddable":true,"href":"https:\/\/elfaroonline.com.ar\/index.php\/wp-json\/wp\/v2\/users\/2"}],"replies":[{"embeddable":true,"href":"https:\/\/elfaroonline.com.ar\/index.php\/wp-json\/wp\/v2\/comments?post=2700"}],"version-history":[{"count":1,"href":"https:\/\/elfaroonline.com.ar\/index.php\/wp-json\/wp\/v2\/posts\/2700\/revisions"}],"predecessor-version":[{"id":2702,"href":"https:\/\/elfaroonline.com.ar\/index.php\/wp-json\/wp\/v2\/posts\/2700\/revisions\/2702"}],"wp:featuredmedia":[{"embeddable":true,"href":"https:\/\/elfaroonline.com.ar\/index.php\/wp-json\/wp\/v2\/media\/2701"}],"wp:attachment":[{"href":"https:\/\/elfaroonline.com.ar\/index.php\/wp-json\/wp\/v2\/media?parent=2700"}],"wp:term":[{"taxonomy":"category","embeddable":true,"href":"https:\/\/elfaroonline.com.ar\/index.php\/wp-json\/wp\/v2\/categories?post=2700"},{"taxonomy":"post_tag","embeddable":true,"href":"https:\/\/elfaroonline.com.ar\/index.php\/wp-json\/wp\/v2\/tags?post=2700"}],"curies":[{"name":"wp","href":"https:\/\/api.w.org\/{rel}","templated":true}]}}