{"id":2703,"date":"2024-10-21T07:05:52","date_gmt":"2024-10-21T10:05:52","guid":{"rendered":"https:\/\/elfaroonline.com.ar\/?p=2703"},"modified":"2024-10-21T07:05:52","modified_gmt":"2024-10-21T10:05:52","slug":"catamarca-expuso-su-potencial-ante-empresarios-y-la-organizacion-de-comercio-exterior-de-japon","status":"publish","type":"post","link":"https:\/\/elfaroonline.com.ar\/index.php\/2024\/10\/21\/catamarca-expuso-su-potencial-ante-empresarios-y-la-organizacion-de-comercio-exterior-de-japon\/","title":{"rendered":"Catamarca expuso su potencial ante empresarios y la Organizaci\u00f3n de Comercio Exterior de Jap\u00f3n"},"content":{"rendered":"<p class=\"v1MsoNormal\">El gobernador Ra\u00fal Jalil y el vicegobernador Rub\u00e9n Dusso encabezaron la exposici\u00f3n de oportunidades de inversi\u00f3n ante una comitiva conformada por representantes de la Organizaci\u00f3n de Comercio Exterior de Jap\u00f3n (JETRO) y empresarios del pa\u00eds asi\u00e1tico, que se encuentran en esta provincia efectuando diferentes estudios y evaluaciones que permitir\u00e1n, entre otros aspectos, poder materializar inversiones vinculadas a distintos sectores de la econom\u00eda catamarque\u00f1a.<\/p>\n<p class=\"v1MsoNormal\">Esta exposici\u00f3n de oportunidades de inversi\u00f3n efectuada ante la comitiva japonesa se desarroll\u00f3 en instalaciones del Nodo Tecnol\u00f3gico Capital y estuvo organizada por el equipo de trabajo perteneciente al Ministerio de Integraci\u00f3n Regional, Log\u00edstica y Transporte. Del mismo, participaron diferentes representantes dependientes de la Organizaci\u00f3n de Comercio Exterior de Jap\u00f3n (JETRO) y diversos empresarios de aquel pa\u00eds, encabezados por el presidente de la comunidad japonesa en Catamarca, Miguel Miyashiro y el director general de JETRO Buenos Aires, Yusuke Nishisaw.<\/p>\n<p class=\"v1MsoNormal\">Las autoridades locales expusieron las potencialidades en miner\u00eda ante uno de los mercados m\u00e1s competitivos en el mundo en esta materia, alentando la posibilidad de cristalizar el arribo de eventuales inversiones en el futuro.<\/p>\n<p class=\"v1MsoNormal\">Cabe mencionar que JETRO es un organismo gubernamental de Jap\u00f3n encargado de promover el comercio y la inversi\u00f3n entre Jap\u00f3n y el resto del mundo y que, en esta ocasi\u00f3n, entre las diferentes actividades desplegada por la comitiva japonesa consisti\u00f3 en visitar proyectos mineros de cobre y litio existentes en el Oeste catamarque\u00f1o.<\/p>\n<p class=\"v1MsoNormal\">En la oportunidad, el mandatario catamarque\u00f1o fue el encargado de dar la bienvenida a los integrantes de la delegaci\u00f3n japonesa y explic\u00f3 que &#8220;en esta regi\u00f3n se ha conformado la mesa de cobre y las provincias no competimos porque tenemos pol\u00edticas en com\u00fan. Uno de los pa\u00edses que hemos visitado en 2019 fue Jap\u00f3n y parte del litio que sale de Catamarca y Jujuy se convierte en hidr\u00f3xido de litio en ese lugar. Este pa\u00eds es un gran consumidor de lo que es el carbonato de litio y dentro de ese marco se ha podido dialogar con empresas que realizan la tecnolog\u00eda que nos hace falta a nosotros&#8221;.<\/p>\n<p class=\"v1MsoNormal\">Cabe mencionar que este encuentro se comenz\u00f3 a materializar semanas atr\u00e1s cuando se realizaron los primeros contactos en Casa de Gobierno, en un encuentro con el Gobernador Ra\u00fal Jalil y que estuvo centrado en fomentar el comercio y las inversiones entre Jap\u00f3n y Argentina, con especial foco en Catamarca y Salta.<\/p>\n","protected":false},"excerpt":{"rendered":"<p>El gobernador Ra\u00fal Jalil y el vicegobernador Rub\u00e9n Dusso encabezaron la exposici\u00f3n de oportunidades de inversi\u00f3n ante una comitiva conformada por representantes de la Organizaci\u00f3n de Comercio Exterior de Jap\u00f3n (JETRO) y empresarios del pa\u00eds asi\u00e1tico, que se encuentran en esta provincia efectuando diferentes estudios y evaluaciones que permitir\u00e1n, entre otros aspectos, poder materializar inversiones [&hellip;]<\/p>\n","protected":false},"author":2,"featured_media":2704,"comment_status":"open","ping_status":"open","sticky":false,"template":"","format":"standard","meta":{"footnotes":""},"categories":[23,21],"tags":[],"class_list":{"0":"post-2703","1":"post","2":"type-post","3":"status-publish","4":"format-standard","5":"has-post-thumbnail","7":"category-destacados","8":"category-politica"},"aioseo_notices":[],"_links":{"self":[{"href":"https:\/\/elfaroonline.com.ar\/index.php\/wp-json\/wp\/v2\/posts\/2703","targetHints":{"allow":["GET"]}}],"collection":[{"href":"https:\/\/elfaroonline.com.ar\/index.php\/wp-json\/wp\/v2\/posts"}],"about":[{"href":"https:\/\/elfaroonline.com.ar\/index.php\/wp-json\/wp\/v2\/types\/post"}],"author":[{"embeddable":true,"href":"https:\/\/elfaroonline.com.ar\/index.php\/wp-json\/wp\/v2\/users\/2"}],"replies":[{"embeddable":true,"href":"https:\/\/elfaroonline.com.ar\/index.php\/wp-json\/wp\/v2\/comments?post=2703"}],"version-history":[{"count":1,"href":"https:\/\/elfaroonline.com.ar\/index.php\/wp-json\/wp\/v2\/posts\/2703\/revisions"}],"predecessor-version":[{"id":2705,"href":"https:\/\/elfaroonline.com.ar\/index.php\/wp-json\/wp\/v2\/posts\/2703\/revisions\/2705"}],"wp:featuredmedia":[{"embeddable":true,"href":"https:\/\/elfaroonline.com.ar\/index.php\/wp-json\/wp\/v2\/media\/2704"}],"wp:attachment":[{"href":"https:\/\/elfaroonline.com.ar\/index.php\/wp-json\/wp\/v2\/media?parent=2703"}],"wp:term":[{"taxonomy":"category","embeddable":true,"href":"https:\/\/elfaroonline.com.ar\/index.php\/wp-json\/wp\/v2\/categories?post=2703"},{"taxonomy":"post_tag","embeddable":true,"href":"https:\/\/elfaroonline.com.ar\/index.php\/wp-json\/wp\/v2\/tags?post=2703"}],"curies":[{"name":"wp","href":"https:\/\/api.w.org\/{rel}","templated":true}]}}