{"id":2706,"date":"2024-10-21T07:06:14","date_gmt":"2024-10-21T10:06:14","guid":{"rendered":"https:\/\/elfaroonline.com.ar\/?p=2706"},"modified":"2024-10-21T07:06:14","modified_gmt":"2024-10-21T10:06:14","slug":"de-catamarca-al-mundo-alfajores-el-rodeo-realiza-su-primera-exportacion-internacional","status":"publish","type":"post","link":"https:\/\/elfaroonline.com.ar\/index.php\/2024\/10\/21\/de-catamarca-al-mundo-alfajores-el-rodeo-realiza-su-primera-exportacion-internacional\/","title":{"rendered":"De Catamarca al mundo: alfajores El Rodeo realiza su primera exportaci\u00f3n internacional"},"content":{"rendered":"<p class=\"v1MsoNormal\">Alfajores El Rodeo concretar\u00e1 su primera exportaci\u00f3n internacional con destino a Panam\u00e1. M\u00e1s de 4.000 alfajores, distribuidos en 644 cajas de alfajores de fruta (por 6 unidades) y 112 cajas de alfajores de chocolate blanco, ser\u00e1n enviados y comercializados en diversos comercios paname\u00f1os.<\/p>\n<p class=\"v1MsoNormal\">En el marco de este importante acontecimiento, el gobernador Ra\u00fal Jalil visit\u00f3 las instalaciones de la f\u00e1brica junto a su propietario, Luis Salado, y el ministro de Industria, Comercio y Empleo, Sebasti\u00e1n Caria. En la recorrida el mandatario provincial destac\u00f3 el esfuerzo e impuls\u00f3 al emprendimiento familiar a seguir por esta v\u00eda.<\/p>\n<p class=\"v1MsoNormal\">Alfajores El Rodeo viene con un constante progreso. Tiempo atr\u00e1s recibi\u00f3 importantes reconocimientos en la Feria Internacional del Mundial del Alfajor donde la firma fue premiada con el t\u00edtulo al mejor alfajor del mundo en la categor\u00eda fruta, gracias a sus sabores de cayote, dulce de leche y queso.<\/p>\n<p class=\"v1MsoNormal\">Asimismo, d\u00edas pasados, tambi\u00e9n particip\u00f3 en una feria internacional en Chile, lo que le permiti\u00f3 abrir nuevas oportunidades de expansi\u00f3n en mercados internacionales que en la actualidad se est\u00e1n concretando.<\/p>\n","protected":false},"excerpt":{"rendered":"<p>Alfajores El Rodeo concretar\u00e1 su primera exportaci\u00f3n internacional con destino a Panam\u00e1. M\u00e1s de 4.000 alfajores, distribuidos en 644 cajas de alfajores de fruta (por 6 unidades) y 112 cajas de alfajores de chocolate blanco, ser\u00e1n enviados y comercializados en diversos comercios paname\u00f1os. En el marco de este importante acontecimiento, el gobernador Ra\u00fal Jalil visit\u00f3 [&hellip;]<\/p>\n","protected":false},"author":2,"featured_media":2707,"comment_status":"open","ping_status":"open","sticky":false,"template":"","format":"standard","meta":{"footnotes":""},"categories":[23,20],"tags":[],"class_list":{"0":"post-2706","1":"post","2":"type-post","3":"status-publish","4":"format-standard","5":"has-post-thumbnail","7":"category-destacados","8":"category-sociedad"},"aioseo_notices":[],"_links":{"self":[{"href":"https:\/\/elfaroonline.com.ar\/index.php\/wp-json\/wp\/v2\/posts\/2706","targetHints":{"allow":["GET"]}}],"collection":[{"href":"https:\/\/elfaroonline.com.ar\/index.php\/wp-json\/wp\/v2\/posts"}],"about":[{"href":"https:\/\/elfaroonline.com.ar\/index.php\/wp-json\/wp\/v2\/types\/post"}],"author":[{"embeddable":true,"href":"https:\/\/elfaroonline.com.ar\/index.php\/wp-json\/wp\/v2\/users\/2"}],"replies":[{"embeddable":true,"href":"https:\/\/elfaroonline.com.ar\/index.php\/wp-json\/wp\/v2\/comments?post=2706"}],"version-history":[{"count":1,"href":"https:\/\/elfaroonline.com.ar\/index.php\/wp-json\/wp\/v2\/posts\/2706\/revisions"}],"predecessor-version":[{"id":2708,"href":"https:\/\/elfaroonline.com.ar\/index.php\/wp-json\/wp\/v2\/posts\/2706\/revisions\/2708"}],"wp:featuredmedia":[{"embeddable":true,"href":"https:\/\/elfaroonline.com.ar\/index.php\/wp-json\/wp\/v2\/media\/2707"}],"wp:attachment":[{"href":"https:\/\/elfaroonline.com.ar\/index.php\/wp-json\/wp\/v2\/media?parent=2706"}],"wp:term":[{"taxonomy":"category","embeddable":true,"href":"https:\/\/elfaroonline.com.ar\/index.php\/wp-json\/wp\/v2\/categories?post=2706"},{"taxonomy":"post_tag","embeddable":true,"href":"https:\/\/elfaroonline.com.ar\/index.php\/wp-json\/wp\/v2\/tags?post=2706"}],"curies":[{"name":"wp","href":"https:\/\/api.w.org\/{rel}","templated":true}]}}