{"id":271,"date":"2024-04-16T16:22:16","date_gmt":"2024-04-16T19:22:16","guid":{"rendered":"https:\/\/elfaroonline.com.ar\/?p=271"},"modified":"2024-04-16T16:22:16","modified_gmt":"2024-04-16T19:22:16","slug":"refuerzan-controles-en-zonas-de-frontera-por-el-conflicto-entre-iran-e-israel","status":"publish","type":"post","link":"https:\/\/elfaroonline.com.ar\/index.php\/2024\/04\/16\/refuerzan-controles-en-zonas-de-frontera-por-el-conflicto-entre-iran-e-israel\/","title":{"rendered":"Refuerzan controles en zonas de frontera por el conflicto entre Ir\u00e1n e Israel"},"content":{"rendered":"<p class=\"v1MsoNormal\">La ministra de Seguridad de la provincia, Fabiola Segura, junto a sus pares de la Regi\u00f3n NOA del pa\u00eds, se reunieron -v\u00eda zoom- para analizar la situaci\u00f3n actual del conflicto entre Ir\u00e1n e Israel.<\/p>\n<p class=\"v1MsoNormal\">Dialogaron sobre posibles acciones en materia investigativa y refuerzos de seguridad en las zonas de frontera, as\u00ed como un control m\u00e1s exhaustivo en cada uno de los puntos estrat\u00e9gicos de las provincias de la regi\u00f3n.<\/p>\n<p class=\"v1MsoNormal\">El refuerzo de los controles tambi\u00e9n se realiza debido a que hay pa\u00edses de la regi\u00f3n que tienen acuerdos internacionales con Ir\u00e1n y por ello provincias\u00a0como Salta y Jujuy han reforzado los controles en sus fronteras.<\/p>\n<p class=\"v1MsoNormal\">Estas acciones se desplegar\u00e1n mientras duren las alertas por el conflicto internacional.<\/p>\n","protected":false},"excerpt":{"rendered":"<p>La ministra de Seguridad de la provincia, Fabiola Segura, junto a sus pares de la Regi\u00f3n NOA del pa\u00eds, se reunieron -v\u00eda zoom- para analizar la situaci\u00f3n actual del conflicto entre Ir\u00e1n e Israel. Dialogaron sobre posibles acciones en materia investigativa y refuerzos de seguridad en las zonas de frontera, as\u00ed como un control m\u00e1s [&hellip;]<\/p>\n","protected":false},"author":2,"featured_media":272,"comment_status":"open","ping_status":"open","sticky":false,"template":"","format":"standard","meta":{"footnotes":""},"categories":[27],"tags":[],"class_list":{"0":"post-271","1":"post","2":"type-post","3":"status-publish","4":"format-standard","5":"has-post-thumbnail","7":"category-policiales"},"aioseo_notices":[],"_links":{"self":[{"href":"https:\/\/elfaroonline.com.ar\/index.php\/wp-json\/wp\/v2\/posts\/271","targetHints":{"allow":["GET"]}}],"collection":[{"href":"https:\/\/elfaroonline.com.ar\/index.php\/wp-json\/wp\/v2\/posts"}],"about":[{"href":"https:\/\/elfaroonline.com.ar\/index.php\/wp-json\/wp\/v2\/types\/post"}],"author":[{"embeddable":true,"href":"https:\/\/elfaroonline.com.ar\/index.php\/wp-json\/wp\/v2\/users\/2"}],"replies":[{"embeddable":true,"href":"https:\/\/elfaroonline.com.ar\/index.php\/wp-json\/wp\/v2\/comments?post=271"}],"version-history":[{"count":1,"href":"https:\/\/elfaroonline.com.ar\/index.php\/wp-json\/wp\/v2\/posts\/271\/revisions"}],"predecessor-version":[{"id":273,"href":"https:\/\/elfaroonline.com.ar\/index.php\/wp-json\/wp\/v2\/posts\/271\/revisions\/273"}],"wp:featuredmedia":[{"embeddable":true,"href":"https:\/\/elfaroonline.com.ar\/index.php\/wp-json\/wp\/v2\/media\/272"}],"wp:attachment":[{"href":"https:\/\/elfaroonline.com.ar\/index.php\/wp-json\/wp\/v2\/media?parent=271"}],"wp:term":[{"taxonomy":"category","embeddable":true,"href":"https:\/\/elfaroonline.com.ar\/index.php\/wp-json\/wp\/v2\/categories?post=271"},{"taxonomy":"post_tag","embeddable":true,"href":"https:\/\/elfaroonline.com.ar\/index.php\/wp-json\/wp\/v2\/tags?post=271"}],"curies":[{"name":"wp","href":"https:\/\/api.w.org\/{rel}","templated":true}]}}