{"id":2719,"date":"2024-10-21T19:47:36","date_gmt":"2024-10-21T22:47:36","guid":{"rendered":"https:\/\/elfaroonline.com.ar\/?p=2719"},"modified":"2024-10-21T19:47:36","modified_gmt":"2024-10-21T22:47:36","slug":"comenzo-la-temporada-de-esquila-de-vicunas","status":"publish","type":"post","link":"https:\/\/elfaroonline.com.ar\/index.php\/2024\/10\/21\/comenzo-la-temporada-de-esquila-de-vicunas\/","title":{"rendered":"Comenz\u00f3 la temporada de esquila de vicu\u00f1as"},"content":{"rendered":"<p class=\"v1MsoNormal\">El Gobierno de la provincia, a trav\u00e9s de la Secretar\u00eda de Ambiente y el Ministerio de Inclusi\u00f3n Digital y Sistemas Productivos, lleva adelante el cronograma de esquila de vicu\u00f1as, que se extender\u00e1 durante los meses de octubre, noviembre y diciembre.<\/p>\n<p class=\"v1MsoNormal\">Las esquilas se programaron en conjunto con las comunidades y cooperativas de artesanos, que se benefician con la obtenci\u00f3n de la fibra para exportaci\u00f3n o destino artesanal.<\/p>\n<p class=\"v1MsoNormal\">La captura de vicu\u00f1as se realiza mediante la t\u00e9cnica ancestral del &#8220;chaku&#8221;, mejorada en la actualidad con la implementaci\u00f3n de m\u00f3dulos.<\/p>\n<p class=\"v1MsoNormal\">Ya se realizaron esquilas en los parajes de El Callej\u00f3n y Corralito, de la jurisdicci\u00f3n Villa Vil, con m\u00e1s de 90 kg de fibra obtenida<\/p>\n<p class=\"v1MsoNormal\">Las \u00e1reas productiva y ambiental del gobierno fomentan y financian la construcci\u00f3n de m\u00f3dulos para optimizar el trabajo de esquila, para lo cual se acuerda con las comunidades originarias los lugares de emplazamiento.<\/p>\n<p class=\"v1MsoNormal\">Con este sistema de trabajo se espera incrementar la cantidad de fibra de vicu\u00f1a, de manera de garantizar la provisi\u00f3n a los artesanos de la provincia, pero adem\u00e1s fomentar la exportaci\u00f3n a los mercados europeos que la utilizan para la confecci\u00f3n de alta calidad.<\/p>\n<p class=\"v1MsoNormal\">Las gestiones de apertura de mercados internacionales son encabezadas por el propio Gobernador Ra\u00fal Jalil, con visitas a industrias italianas de hilado y adem\u00e1s invitaciones a compradores internacionales para que puedan concretar operaciones con los productores locales.<\/p>\n<p class=\"v1MsoNormal\">El a\u00f1o pasado se export\u00f3 m\u00e1s de una tonelada de fibra de vicu\u00f1a y se pretende incrementar los vol\u00famenes a futuro, mediante la optimizaci\u00f3n de las esquilas.<\/p>\n<p class=\"v1MsoNormal\">La fibra de vicu\u00f1a es un producto de alta demanda internacional, por sus cualidades \u00fanicas en la confecci\u00f3n de alta calidad. Adem\u00e1s el entramado artesanal local la utiliza para la elaboraci\u00f3n de prendas de alto valor comercial, como ponchos y mantas reconocidos mundialmente.<\/p>\n","protected":false},"excerpt":{"rendered":"<p>El Gobierno de la provincia, a trav\u00e9s de la Secretar\u00eda de Ambiente y el Ministerio de Inclusi\u00f3n Digital y Sistemas Productivos, lleva adelante el cronograma de esquila de vicu\u00f1as, que se extender\u00e1 durante los meses de octubre, noviembre y diciembre. Las esquilas se programaron en conjunto con las comunidades y cooperativas de artesanos, que se [&hellip;]<\/p>\n","protected":false},"author":2,"featured_media":2720,"comment_status":"open","ping_status":"open","sticky":false,"template":"","format":"standard","meta":{"footnotes":""},"categories":[23,20],"tags":[],"class_list":{"0":"post-2719","1":"post","2":"type-post","3":"status-publish","4":"format-standard","5":"has-post-thumbnail","7":"category-destacados","8":"category-sociedad"},"aioseo_notices":[],"_links":{"self":[{"href":"https:\/\/elfaroonline.com.ar\/index.php\/wp-json\/wp\/v2\/posts\/2719","targetHints":{"allow":["GET"]}}],"collection":[{"href":"https:\/\/elfaroonline.com.ar\/index.php\/wp-json\/wp\/v2\/posts"}],"about":[{"href":"https:\/\/elfaroonline.com.ar\/index.php\/wp-json\/wp\/v2\/types\/post"}],"author":[{"embeddable":true,"href":"https:\/\/elfaroonline.com.ar\/index.php\/wp-json\/wp\/v2\/users\/2"}],"replies":[{"embeddable":true,"href":"https:\/\/elfaroonline.com.ar\/index.php\/wp-json\/wp\/v2\/comments?post=2719"}],"version-history":[{"count":1,"href":"https:\/\/elfaroonline.com.ar\/index.php\/wp-json\/wp\/v2\/posts\/2719\/revisions"}],"predecessor-version":[{"id":2721,"href":"https:\/\/elfaroonline.com.ar\/index.php\/wp-json\/wp\/v2\/posts\/2719\/revisions\/2721"}],"wp:featuredmedia":[{"embeddable":true,"href":"https:\/\/elfaroonline.com.ar\/index.php\/wp-json\/wp\/v2\/media\/2720"}],"wp:attachment":[{"href":"https:\/\/elfaroonline.com.ar\/index.php\/wp-json\/wp\/v2\/media?parent=2719"}],"wp:term":[{"taxonomy":"category","embeddable":true,"href":"https:\/\/elfaroonline.com.ar\/index.php\/wp-json\/wp\/v2\/categories?post=2719"},{"taxonomy":"post_tag","embeddable":true,"href":"https:\/\/elfaroonline.com.ar\/index.php\/wp-json\/wp\/v2\/tags?post=2719"}],"curies":[{"name":"wp","href":"https:\/\/api.w.org\/{rel}","templated":true}]}}