{"id":2722,"date":"2024-10-21T19:50:38","date_gmt":"2024-10-21T22:50:38","guid":{"rendered":"https:\/\/elfaroonline.com.ar\/?p=2722"},"modified":"2024-10-21T19:50:38","modified_gmt":"2024-10-21T22:50:38","slug":"salud-impulsa-una-inversion-de-mas-de-1-626-millones-en-equipamiento-sanitario","status":"publish","type":"post","link":"https:\/\/elfaroonline.com.ar\/index.php\/2024\/10\/21\/salud-impulsa-una-inversion-de-mas-de-1-626-millones-en-equipamiento-sanitario\/","title":{"rendered":"Salud impulsa una inversi\u00f3n de m\u00e1s de $1.626 millones en equipamiento sanitario"},"content":{"rendered":"<p class=\"v1MsoNormal\">Con el objetivo de fortalecer la atenci\u00f3n en los centros de salud en toda la provincia, el Ministerio de Salud de Catamarca est\u00e1 llevando a cabo un proceso de compra de equipamiento sanitario. Bajo la modalidad de Concurso de Precios, y con un presupuesto oficial de m\u00e1s de $1.626.390.355, se pretende adquirir kits de instrumental para neurocirug\u00eda, electrobistur\u00eds, cardiodesfibriladores, equipos de Rayos X, ec\u00f3grafos, sierras de cirug\u00eda, equipos odontol\u00f3gicos, mesas para cirug\u00edas, l\u00e1mparas scial\u00edticas, equipos para neurocirug\u00eda, digitalizadores de Rayos X, compresores, fibroscopios y sistemas de anestesia.<\/p>\n<p class=\"v1MsoNormal\">Las ofertas podr\u00e1n presentarse hasta el 25 de octubre de 2024 a las 11:00 horas a trav\u00e9s de la plataforma digital del Sistema Electr\u00f3nico de Contrataciones de la Administraci\u00f3n Provincial &#8220;<a href=\"http:\/\/compr.ar\/\" target=\"_blank\" rel=\"noopener noreferrer\">COMPR.AR<\/a>&#8221; (<a href=\"http:\/\/comprar.catamarca.gob.ar\/\" target=\"_blank\" rel=\"noopener noreferrer\">http:\/\/comprar.catamarca.gob.ar<\/a>).<\/p>\n<p class=\"v1MsoNormal\">La apertura de ofertas se realizar\u00e1 el mismo d\u00eda, 25 de octubre de 2024 a las 11:00 horas, mediante el sistema &#8220;<a href=\"http:\/\/compr.ar\/\" target=\"_blank\" rel=\"noopener noreferrer\">COMPR.AR<\/a>&#8220;, gener\u00e1ndose de forma electr\u00f3nica y autom\u00e1tica el acta de apertura de ofertas.<\/p>\n<p class=\"v1MsoNormal\">Esta adquisici\u00f3n se enmarca dentro del Plan Integral de Salud P\u00fablica, que busca modernizar y equipar los centros de atenci\u00f3n para mejorar la calidad de los servicios sanitarios en la provincia. Con esta compra, se fortalecer\u00e1 la capacidad de respuesta ante emergencias, optimizando los diagn\u00f3sticos y tratamientos, y asegurando una atenci\u00f3n m\u00e1s r\u00e1pida y eficiente para toda la comunidad.<\/p>\n","protected":false},"excerpt":{"rendered":"<p>Con el objetivo de fortalecer la atenci\u00f3n en los centros de salud en toda la provincia, el Ministerio de Salud de Catamarca est\u00e1 llevando a cabo un proceso de compra de equipamiento sanitario. Bajo la modalidad de Concurso de Precios, y con un presupuesto oficial de m\u00e1s de $1.626.390.355, se pretende adquirir kits de instrumental [&hellip;]<\/p>\n","protected":false},"author":2,"featured_media":2723,"comment_status":"open","ping_status":"open","sticky":false,"template":"","format":"standard","meta":{"footnotes":""},"categories":[20],"tags":[],"class_list":{"0":"post-2722","1":"post","2":"type-post","3":"status-publish","4":"format-standard","5":"has-post-thumbnail","7":"category-sociedad"},"aioseo_notices":[],"_links":{"self":[{"href":"https:\/\/elfaroonline.com.ar\/index.php\/wp-json\/wp\/v2\/posts\/2722","targetHints":{"allow":["GET"]}}],"collection":[{"href":"https:\/\/elfaroonline.com.ar\/index.php\/wp-json\/wp\/v2\/posts"}],"about":[{"href":"https:\/\/elfaroonline.com.ar\/index.php\/wp-json\/wp\/v2\/types\/post"}],"author":[{"embeddable":true,"href":"https:\/\/elfaroonline.com.ar\/index.php\/wp-json\/wp\/v2\/users\/2"}],"replies":[{"embeddable":true,"href":"https:\/\/elfaroonline.com.ar\/index.php\/wp-json\/wp\/v2\/comments?post=2722"}],"version-history":[{"count":1,"href":"https:\/\/elfaroonline.com.ar\/index.php\/wp-json\/wp\/v2\/posts\/2722\/revisions"}],"predecessor-version":[{"id":2724,"href":"https:\/\/elfaroonline.com.ar\/index.php\/wp-json\/wp\/v2\/posts\/2722\/revisions\/2724"}],"wp:featuredmedia":[{"embeddable":true,"href":"https:\/\/elfaroonline.com.ar\/index.php\/wp-json\/wp\/v2\/media\/2723"}],"wp:attachment":[{"href":"https:\/\/elfaroonline.com.ar\/index.php\/wp-json\/wp\/v2\/media?parent=2722"}],"wp:term":[{"taxonomy":"category","embeddable":true,"href":"https:\/\/elfaroonline.com.ar\/index.php\/wp-json\/wp\/v2\/categories?post=2722"},{"taxonomy":"post_tag","embeddable":true,"href":"https:\/\/elfaroonline.com.ar\/index.php\/wp-json\/wp\/v2\/tags?post=2722"}],"curies":[{"name":"wp","href":"https:\/\/api.w.org\/{rel}","templated":true}]}}