{"id":2725,"date":"2024-10-21T19:55:25","date_gmt":"2024-10-21T22:55:25","guid":{"rendered":"https:\/\/elfaroonline.com.ar\/?p=2725"},"modified":"2024-10-21T19:55:25","modified_gmt":"2024-10-21T22:55:25","slug":"el-gobierno-disuelve-la-afip-y-crea-el-arca-un-organismo-de-menor-estructura-compuesto-por-la-dgi-y-la-dga","status":"publish","type":"post","link":"https:\/\/elfaroonline.com.ar\/index.php\/2024\/10\/21\/el-gobierno-disuelve-la-afip-y-crea-el-arca-un-organismo-de-menor-estructura-compuesto-por-la-dgi-y-la-dga\/","title":{"rendered":"El Gobierno disuelve la AFIP y crea el ARCA, un organismo de menor estructura compuesto por la DGI y la DGA"},"content":{"rendered":"<p>El gobierno de <b>Javier Milei <\/b>anunci\u00f3 importantes cambios en la estructura de recaudaci\u00f3n impositiva nacional: se disolver\u00e1 la Administraci\u00f3n Federal de Ingresos P\u00fablicos, AFIP, y se crear\u00e1 la Agencia Nacional de Recaudaci\u00f3n y Control Aduanero (ARCA).<\/p>\n<p>El ejecutivo anunci\u00f3 que disolver\u00e1 la AFIP y que se crear\u00e1 la Agencia Nacional. Habr\u00e1 3.100 puestos que se reubicar\u00e1n o pasar\u00e1n a disponibilidad: ingresaron en la gesti\u00f3n anterior, seg\u00fan Casa Rosada. Cambiar\u00e1n tambi\u00e9n los titulares de Aduana y la DGI, quienes pasar\u00e1n a cobrar sueldos similares a los ministros del gabinete nacional.<\/p>\n<div class=\"headline-wrapper\">\n<h2 class=\"header headline-class-h2\">Qui\u00e9nes son los nuevos funcionarios<\/h2>\n<\/div>\n<div class=\"inline ad-wrapper amp ad-amp\"><\/div>\n<p class=\"paragraph\">V\u00e1zquez estar\u00e1 a cargo de la titularidad de la Direcci\u00f3n General Impositiva, uno de los roles m\u00e1s estrat\u00e9gicos dentro de lo que ser\u00e1 la nueva ARCA, entidad que se encarga de la fiscalizaci\u00f3n de los impuestos nacionales y la administraci\u00f3n de los contribuyentes m\u00e1s importantes del pa\u00eds.<\/p>\n<p class=\"paragraph\">A lo largo de su carrera, V\u00e1zquez se destac\u00f3 por su formaci\u00f3n acad\u00e9mica, con t\u00edtulos de Licenciado en Administraci\u00f3n y Contador P\u00fablico obtenidos en la Universidad Argentina de la Empresa (UADE), as\u00ed como por su participaci\u00f3n en m\u00faltiples cursos y seminarios relacionados con el control financiero y la prevenci\u00f3n del lavado de dinero.<\/p>\n<div class=\"inline_2 ad-wrapper ad-mobile amp ad-amp\"><\/div>\n<p class=\"paragraph\">Cuenta con una s\u00f3lida formaci\u00f3n internacional, habiendo participado en m\u00faltiples capacitaciones en los Estados Unidos, incluyendo el Seminario Internacional sobre Lavado de Dinero dictado por el Departamento del Tesoro de los Estados Unidos en 1997, el Curso de Interdicci\u00f3n Aeroportuaria y el Curso B\u00e1sico de Investigaci\u00f3n de Precursores Qu\u00edmicos, ambos ofrecidos por el Departamento de Justicia y la <i>Drug Enforcement Administration<\/i>(DEA) en 1999.<\/p>\n<p class=\"paragraph\">Con m\u00e1s de 30 a\u00f1os de trayectoria, V\u00e1zquez ocup\u00f3 puestos de relevancia tanto en la Administraci\u00f3n Federal de Ingresos P\u00fablicos como en otras \u00e1reas del Estado vinculadas al monitoreo fiscal. Su experiencia en la fiscalizaci\u00f3n de grandes contribuyentes y en la inteligencia fiscal lo convierte en el candidato elegido para enfrentar los desaf\u00edos que implica la gesti\u00f3n de la DGI, en un contexto donde el control de la evasi\u00f3n fiscal y el aumento de la recaudaci\u00f3n son ejes prioritarios del gobierno.<\/p>\n<p class=\"paragraph\"><b>Jos\u00e9 Andr\u00e9s Velis <\/b>reemplazar\u00e1 a<b> Eduardo Mallea <\/b>al frente de la Direcci\u00f3n General de Aduanas (DGA). Velis es un profesional con m\u00e1s de tres d\u00e9cadas de experiencia en la Direcci\u00f3n General de Aduanas. Su perfil t\u00e9cnico y especializado, junto a su rol en la implementaci\u00f3n del sistema inform\u00e1tico Mar\u00eda\u2014hoy conocido como Sistema Malvina\u2014 lo posiciona como una figura clave para enfrentar los desaf\u00edos que plantea la Aduana en este contexto de modernizaci\u00f3n tecnol\u00f3gica y mayor control del comercio exterior.<\/p>\n<p class=\"paragraph\">De 65 a\u00f1os y recientemente jubilado, su trayectoria comenz\u00f3 a mediados de los a\u00f1os 90, cuando particip\u00f3 en la implementaci\u00f3n del Sistema Mar\u00eda, un proyecto clave que permiti\u00f3 informatizar el sistema aduanero en todas las delegaciones del pa\u00eds. Gracias a este sistema, la Aduana pudo establecer una trazabilidad completa de las mercader\u00edas desde su arribo hasta la liberaci\u00f3n a plaza, lo que mejor\u00f3 significativamente el control de gesti\u00f3n y la transparencia en las operaciones.<\/p>\n<p class=\"paragraph\">Velis tambi\u00e9n fue responsable de informatizar los tr\u00e1nsitos y trasbordos, lo que permiti\u00f3 identificar responsabilidades de los actores involucrados en el comercio exterior, ya fueran agentes de transporte, despachantes de aduana o personal aduanero. La implementaci\u00f3n de estos sistemas redujo significativamente los costos operativos y optimiz\u00f3 los tiempos de procesamiento, al tiempo que elimin\u00f3 gran parte de las tareas manuales que antes se realizaban en el organismo.<\/p>\n<p class=\"paragraph\">A lo largo de su carrera, Velis tambi\u00e9n lider\u00f3 proyectos como la implementaci\u00f3n de esc\u00e1neres en las terminales portuarias y las aduanas del interior del pa\u00eds, lo que facilit\u00f3 el control de las mercader\u00edas que ingresaban y sal\u00edan del territorio nacional. Adem\u00e1s, estuvo a cargo de la introducci\u00f3n de drones en la Aduana de Buenos Aires, una innovaci\u00f3n clave para reforzar la vigilancia y el monitoreo de grandes operaciones en zonas portuarias y \u00e1reas cr\u00edticas.<\/p>\n<p class=\"paragraph\">No hay, al menos hasta el momento, cambios en la titularidad de la AFIP, que seguir\u00e1 al mando de <b>Florencia Misrahi<\/b>.<\/p>\n<div class=\"headline-wrapper\">\n<h2 class=\"header headline-class-h2\">Cambios en la estructura<\/h2>\n<\/div>\n<p class=\"paragraph\">\u201cEl Gobierno anuncia muy felizmente que la AFIP dejar\u00e1 de existir\u201d, resumi\u00f3 el vocero<b> Manuel Adorni<\/b>.<\/p>\n<p class=\"paragraph\">Seg\u00fan fuentes oficiales la nueva ARCA tendr\u00e1 \u201cuna estructura simplificada, con una reducci\u00f3n de aproximadamente un 45% de las autoridades superiores y un 31% de los niveles inferiores de la estructura actual. \u201cHabr\u00e1 un 34% menos de ravioles\u201d, dijeron fuentes oficiales. La referencia, en tono informal, pone el foco en los funcionarios que ocupan cargos de tercer y cuarto orden, o m\u00e1s, en la estructura del organismo.<\/p>\n<p class=\"paragraph\"><b>La medida incluye la reubicaci\u00f3n y pase a disponibilidad de unos 3.100 empleados (agentes)<\/b> que ingresaron, seg\u00fan el Gobierno, de manera irregular durante el \u00faltimo gobierno kirchnerista. As\u00ed, calculan, la medida generar\u00e1 un ahorro presupuestario de $6.400 millones al a\u00f1o.<\/p>\n<p class=\"paragraph\">\u201cEl titular de AFIP y los Directores de DGI y DGA dejar\u00e1n de cobrar la cuenta de jerarquizaci\u00f3n. Pasar\u00e1n a cobrar sueldos equiparables a los Ministros y Secretarios. La medida se funda en el actual sobredimensionamiento de su estructura que ha mostrado limitaciones en la capacidad para responder de manera \u00e1gil y eficaz a las demandas del sistema tributario, aduanero y de la seguridad social, afectando la administraci\u00f3n de los recursos p\u00fablicos y el control de las actividades aduaneras\u201d, se detall\u00f3 desde Casa Rosada.<\/p>\n<p class=\"paragraph\">En concreto, hoy la titular de AFIP cobra un salario aproximado de $32 millones y pasar\u00e1 a cobrar los mismo que un ministro, cuyo sueldo es de $4 millones. En el caso de los Directores al frente de Impositiva y de Aduanas, hoy con un ingreso mensual de $17 millones, pasar\u00e1n a cobrar igual que un secretario de Estado.<\/p>\n<p class=\"paragraph\">Adorni agreg\u00f3 que \u201cla Argentina de la voracidad fiscal se termin\u00f3. Lo que es de cada argentino es suyo y de nadie m\u00e1s, ning\u00fan bur\u00f3crata del Estado tiene por qu\u00e9 delegarse el poder de decirle a un argentino qu\u00e9 hacer con su propiedad\u201d, dijo.<\/p>\n<p class=\"paragraph\">\u201cComo reza el principio que el Presidente anunci\u00f3 el 10 de diciembre en el momento de su asunci\u00f3n, el liberalismo es el respeto irrestricto por el proyecto de vida del pr\u00f3jimo basado en el principio de no agresi\u00f3n en defensa de la vida, la propiedad y la libertad. Ese liberalismo es lo que nos llev\u00f3 a ser una de las principales potencias del mundo a fines del siglo XIX y principios del siglo XX, hacia esa Argentina queremos ir<b> sin AFIP, sin Inadi y sin ning\u00fan otro organismo que cercene la libertad <\/b>de la gente de bien\u201d, agreg\u00f3 el vocero.<\/p>\n<p class=\"paragraph\">El Gobierno busca ahora establecer sistemas de control y evaluaci\u00f3n m\u00e1s precisos y focalizados, mejorando la transparencia y la rendici\u00f3n de cuentas \u201cen pos de una gesti\u00f3n p\u00fablica m\u00e1s eficiente y orientada a resultados\u201d. Tambi\u00e9n \u201cgarantizar mayor y mejor recaudaci\u00f3n, as\u00ed como un mejor control aduanero\u201d.<\/p>\n","protected":false},"excerpt":{"rendered":"<p>El gobierno de Javier Milei anunci\u00f3 importantes cambios en la estructura de recaudaci\u00f3n impositiva nacional: se disolver\u00e1 la Administraci\u00f3n Federal de Ingresos P\u00fablicos, AFIP, y se crear\u00e1 la Agencia Nacional de Recaudaci\u00f3n y Control Aduanero (ARCA). El ejecutivo anunci\u00f3 que disolver\u00e1 la AFIP y que se crear\u00e1 la Agencia Nacional. Habr\u00e1 3.100 puestos que se [&hellip;]<\/p>\n","protected":false},"author":2,"featured_media":2726,"comment_status":"open","ping_status":"open","sticky":false,"template":"","format":"standard","meta":{"footnotes":""},"categories":[22,21],"tags":[],"class_list":{"0":"post-2725","1":"post","2":"type-post","3":"status-publish","4":"format-standard","5":"has-post-thumbnail","7":"category-nacionales","8":"category-politica"},"aioseo_notices":[],"_links":{"self":[{"href":"https:\/\/elfaroonline.com.ar\/index.php\/wp-json\/wp\/v2\/posts\/2725","targetHints":{"allow":["GET"]}}],"collection":[{"href":"https:\/\/elfaroonline.com.ar\/index.php\/wp-json\/wp\/v2\/posts"}],"about":[{"href":"https:\/\/elfaroonline.com.ar\/index.php\/wp-json\/wp\/v2\/types\/post"}],"author":[{"embeddable":true,"href":"https:\/\/elfaroonline.com.ar\/index.php\/wp-json\/wp\/v2\/users\/2"}],"replies":[{"embeddable":true,"href":"https:\/\/elfaroonline.com.ar\/index.php\/wp-json\/wp\/v2\/comments?post=2725"}],"version-history":[{"count":1,"href":"https:\/\/elfaroonline.com.ar\/index.php\/wp-json\/wp\/v2\/posts\/2725\/revisions"}],"predecessor-version":[{"id":2727,"href":"https:\/\/elfaroonline.com.ar\/index.php\/wp-json\/wp\/v2\/posts\/2725\/revisions\/2727"}],"wp:featuredmedia":[{"embeddable":true,"href":"https:\/\/elfaroonline.com.ar\/index.php\/wp-json\/wp\/v2\/media\/2726"}],"wp:attachment":[{"href":"https:\/\/elfaroonline.com.ar\/index.php\/wp-json\/wp\/v2\/media?parent=2725"}],"wp:term":[{"taxonomy":"category","embeddable":true,"href":"https:\/\/elfaroonline.com.ar\/index.php\/wp-json\/wp\/v2\/categories?post=2725"},{"taxonomy":"post_tag","embeddable":true,"href":"https:\/\/elfaroonline.com.ar\/index.php\/wp-json\/wp\/v2\/tags?post=2725"}],"curies":[{"name":"wp","href":"https:\/\/api.w.org\/{rel}","templated":true}]}}