{"id":2728,"date":"2024-10-25T11:33:33","date_gmt":"2024-10-25T14:33:33","guid":{"rendered":"https:\/\/elfaroonline.com.ar\/?p=2728"},"modified":"2024-10-25T11:33:33","modified_gmt":"2024-10-25T14:33:33","slug":"los-salarios-de-los-trabajadores-publicos-se-actualizaran-de-manera-mensual","status":"publish","type":"post","link":"https:\/\/elfaroonline.com.ar\/index.php\/2024\/10\/25\/los-salarios-de-los-trabajadores-publicos-se-actualizaran-de-manera-mensual\/","title":{"rendered":"Los salarios de los trabajadores p\u00fablicos se actualizar\u00e1n de manera mensual"},"content":{"rendered":"<p class=\"v1MsoNormal\"><i>Gobierno y gremios destacaron el impacto del One Shot en la econom\u00eda de los catamarque\u00f1os con una inversi\u00f3n de casi $2.000 millones.\u00a0<\/i><\/p>\n<p class=\"v1MsoNormal\">El gobernador Ra\u00fal Jalil, acompa\u00f1ado de la ministra de Trabajo, Planificaci\u00f3n y Recursos Humanos, Ver\u00f3nica Soria, mantuvo una nueva reuni\u00f3n con los representantes de los gremios estatales UPCN, ATE, ATSA y Vialidad, en la cual se acord\u00f3 implementar una cl\u00e1usula gatillo mensual a partir del mes de octubre.<\/p>\n<p class=\"v1MsoNormal\">Esta medida reemplazar\u00e1 la cl\u00e1usula bimestral previamente pactada, permitiendo que los incrementos salariales para todos los trabajadores p\u00fablicos se ajusten mensualmente, teniendo en cuenta la inflaci\u00f3n del \u00faltimo mes.<\/p>\n<p class=\"v1MsoNormal\">Asimismo, se confirm\u00f3 un incremento salarial del 4% con el sueldo de octubre (a percibir los primeros d\u00edas de noviembre) que se compone por el 3,5% de inflaci\u00f3n de septiembre y un 0,5% que se adiciona por encima de la inflaci\u00f3n.<\/p>\n<p class=\"v1MsoNormal\">Este aumento del 4% y el ajuste salarial mensual tambi\u00e9n incluye a los docentes.<\/p>\n<p class=\"v1MsoNormal\">Se debe remarcar que, al mes de septiembre, el incremento de la pauta salarial general de los trabajadores p\u00fablicos de Catamarca ha superado la inflaci\u00f3n general del 2024.<\/p>\n<p class=\"v1MsoNormal\">En el di\u00e1logo, tanto las autoridades provinciales como gremiales destacaron la importancia del One Shot en la econom\u00eda de los catamarque\u00f1os. La promoci\u00f3n representa un retorno de $80.000 mensuales a cada beneficiario y por parte del Gobierno provincial una inversi\u00f3n cercana a los $2.000 millones.<\/p>\n<p class=\"v1MsoNormal\">Dicha inversi\u00f3n de la Provincia ha crecido significativamente desde el mes de junio, donde se invert\u00edan $275 millones, mientras que en septiembre \u00faltimo se invirtieron casi $2.000 millones que van directo al bolsillo de los catamarque\u00f1os.<\/p>\n<p class=\"v1MsoNormal\">Estuvieron presentes en la reuni\u00f3n Claudia Espeche (UPCN), Ricardo Ar\u00e9valo (ATE), Nelson Guti\u00e9rrez (ATSA) y Rolando Rivero (Vialidad Provincial).<\/p>\n","protected":false},"excerpt":{"rendered":"<p>Gobierno y gremios destacaron el impacto del One Shot en la econom\u00eda de los catamarque\u00f1os con una inversi\u00f3n de casi $2.000 millones.\u00a0 El gobernador Ra\u00fal Jalil, acompa\u00f1ado de la ministra de Trabajo, Planificaci\u00f3n y Recursos Humanos, Ver\u00f3nica Soria, mantuvo una nueva reuni\u00f3n con los representantes de los gremios estatales UPCN, ATE, ATSA y Vialidad, en [&hellip;]<\/p>\n","protected":false},"author":2,"featured_media":2729,"comment_status":"open","ping_status":"open","sticky":false,"template":"","format":"standard","meta":{"footnotes":""},"categories":[23,21],"tags":[],"class_list":{"0":"post-2728","1":"post","2":"type-post","3":"status-publish","4":"format-standard","5":"has-post-thumbnail","7":"category-destacados","8":"category-politica"},"aioseo_notices":[],"_links":{"self":[{"href":"https:\/\/elfaroonline.com.ar\/index.php\/wp-json\/wp\/v2\/posts\/2728","targetHints":{"allow":["GET"]}}],"collection":[{"href":"https:\/\/elfaroonline.com.ar\/index.php\/wp-json\/wp\/v2\/posts"}],"about":[{"href":"https:\/\/elfaroonline.com.ar\/index.php\/wp-json\/wp\/v2\/types\/post"}],"author":[{"embeddable":true,"href":"https:\/\/elfaroonline.com.ar\/index.php\/wp-json\/wp\/v2\/users\/2"}],"replies":[{"embeddable":true,"href":"https:\/\/elfaroonline.com.ar\/index.php\/wp-json\/wp\/v2\/comments?post=2728"}],"version-history":[{"count":1,"href":"https:\/\/elfaroonline.com.ar\/index.php\/wp-json\/wp\/v2\/posts\/2728\/revisions"}],"predecessor-version":[{"id":2730,"href":"https:\/\/elfaroonline.com.ar\/index.php\/wp-json\/wp\/v2\/posts\/2728\/revisions\/2730"}],"wp:featuredmedia":[{"embeddable":true,"href":"https:\/\/elfaroonline.com.ar\/index.php\/wp-json\/wp\/v2\/media\/2729"}],"wp:attachment":[{"href":"https:\/\/elfaroonline.com.ar\/index.php\/wp-json\/wp\/v2\/media?parent=2728"}],"wp:term":[{"taxonomy":"category","embeddable":true,"href":"https:\/\/elfaroonline.com.ar\/index.php\/wp-json\/wp\/v2\/categories?post=2728"},{"taxonomy":"post_tag","embeddable":true,"href":"https:\/\/elfaroonline.com.ar\/index.php\/wp-json\/wp\/v2\/tags?post=2728"}],"curies":[{"name":"wp","href":"https:\/\/api.w.org\/{rel}","templated":true}]}}