{"id":2737,"date":"2024-10-25T11:43:58","date_gmt":"2024-10-25T14:43:58","guid":{"rendered":"https:\/\/elfaroonline.com.ar\/?p=2737"},"modified":"2024-10-25T11:43:58","modified_gmt":"2024-10-25T14:43:58","slug":"deportes-entrego-aportes-a-clubes-de-la-liga-chacarera","status":"publish","type":"post","link":"https:\/\/elfaroonline.com.ar\/index.php\/2024\/10\/25\/deportes-entrego-aportes-a-clubes-de-la-liga-chacarera\/","title":{"rendered":"Deportes entreg\u00f3 aportes a clubes de la Liga Chacarera"},"content":{"rendered":"<p class=\"v1MsoNormal\">La Secretar\u00eda de Deportes y Recreaci\u00f3n dependiente del Ministerio de Cultura, Turismo y Deportes, entreg\u00f3 este martes aportes econ\u00f3micos a 18 clubes afiliados a la Liga Chacarera de F\u00fatbol.<\/p>\n<p class=\"v1MsoNormal\">Con la presencia del titular de Deportes Guillermo Perna, y del presidente de la Liga Chacarera Lucas Cisternas, y de representantes de las instituciones beneficiadas, se entregaron los aportes, que estar\u00e1n destinados a cubrir el pago de aranceles del arbitraje en los cert\u00e1menes femenino e infantil durante la actual temporada 2024.<\/p>\n<p class=\"v1MsoNormal\">&#8220;Es un aporte muy importante para los clubes de la Liga Chacarera de f\u00fatbol, estamos contentos y le agradecemos a las autoridades por el apoyo constante a la Liga&#8221;, se\u00f1al\u00f3 Cisternas, agradeciendo puntualmente a Deportes, al secretario Perna, y a la ministra Daiana Rold\u00e1n.<\/p>\n<p class=\"v1MsoNormal\">Los destinatarios del aporte fueron las siguientes instituciones deportivas: Las Pirquitas, La Carrera, La Tercena, Juventud Unida de La Falda, Defensores de Esqui\u00fa, Independiente de San Antonio, Social San Antonio, Social Rojas, Ateneo Mariano Moreno, Villa Dolores, La Merced, San Mart\u00edn de El Ba\u00f1ado, Obreros de San Isidro, El Aut\u00e9ntico, Coronel Daza, Los Sure\u00f1os, Deportivo Sumalao y UNCA.<\/p>\n","protected":false},"excerpt":{"rendered":"<p>La Secretar\u00eda de Deportes y Recreaci\u00f3n dependiente del Ministerio de Cultura, Turismo y Deportes, entreg\u00f3 este martes aportes econ\u00f3micos a 18 clubes afiliados a la Liga Chacarera de F\u00fatbol. Con la presencia del titular de Deportes Guillermo Perna, y del presidente de la Liga Chacarera Lucas Cisternas, y de representantes de las instituciones beneficiadas, se [&hellip;]<\/p>\n","protected":false},"author":2,"featured_media":2738,"comment_status":"open","ping_status":"open","sticky":false,"template":"","format":"standard","meta":{"footnotes":""},"categories":[25],"tags":[],"class_list":{"0":"post-2737","1":"post","2":"type-post","3":"status-publish","4":"format-standard","5":"has-post-thumbnail","7":"category-deportes"},"aioseo_notices":[],"_links":{"self":[{"href":"https:\/\/elfaroonline.com.ar\/index.php\/wp-json\/wp\/v2\/posts\/2737","targetHints":{"allow":["GET"]}}],"collection":[{"href":"https:\/\/elfaroonline.com.ar\/index.php\/wp-json\/wp\/v2\/posts"}],"about":[{"href":"https:\/\/elfaroonline.com.ar\/index.php\/wp-json\/wp\/v2\/types\/post"}],"author":[{"embeddable":true,"href":"https:\/\/elfaroonline.com.ar\/index.php\/wp-json\/wp\/v2\/users\/2"}],"replies":[{"embeddable":true,"href":"https:\/\/elfaroonline.com.ar\/index.php\/wp-json\/wp\/v2\/comments?post=2737"}],"version-history":[{"count":1,"href":"https:\/\/elfaroonline.com.ar\/index.php\/wp-json\/wp\/v2\/posts\/2737\/revisions"}],"predecessor-version":[{"id":2739,"href":"https:\/\/elfaroonline.com.ar\/index.php\/wp-json\/wp\/v2\/posts\/2737\/revisions\/2739"}],"wp:featuredmedia":[{"embeddable":true,"href":"https:\/\/elfaroonline.com.ar\/index.php\/wp-json\/wp\/v2\/media\/2738"}],"wp:attachment":[{"href":"https:\/\/elfaroonline.com.ar\/index.php\/wp-json\/wp\/v2\/media?parent=2737"}],"wp:term":[{"taxonomy":"category","embeddable":true,"href":"https:\/\/elfaroonline.com.ar\/index.php\/wp-json\/wp\/v2\/categories?post=2737"},{"taxonomy":"post_tag","embeddable":true,"href":"https:\/\/elfaroonline.com.ar\/index.php\/wp-json\/wp\/v2\/tags?post=2737"}],"curies":[{"name":"wp","href":"https:\/\/api.w.org\/{rel}","templated":true}]}}