{"id":274,"date":"2024-04-16T18:59:06","date_gmt":"2024-04-16T21:59:06","guid":{"rendered":"https:\/\/elfaroonline.com.ar\/?p=274"},"modified":"2024-04-16T18:59:06","modified_gmt":"2024-04-16T21:59:06","slug":"en-catamarca-tambien-se-puede-pagar-la-luz-en-cuotas","status":"publish","type":"post","link":"https:\/\/elfaroonline.com.ar\/index.php\/2024\/04\/16\/en-catamarca-tambien-se-puede-pagar-la-luz-en-cuotas\/","title":{"rendered":"En Catamarca tambi\u00e9n se puede pagar la luz en cuotas"},"content":{"rendered":"<p class=\"v1MsoNormal\"><i>EC SAPEM inform\u00f3 sobre la posibilidad de abonar las facturas de luz en 6 cuotas, sin inter\u00e9s por la financiaci\u00f3n. En C\u00f3rdoba y otras provincias, se implement\u00f3 la financiaci\u00f3n de los consumos energ\u00e9ticos en solo 3 cuotas y con un inter\u00e9s del 8% mensual.<\/i><\/p>\n<p class=\"v1MsoNormal\">\n<p class=\"v1MsoNormal\">EC SAPEM y BNA+ lanzaron una promoci\u00f3n para pagar las facturas del servicio el\u00e9ctrico, en seis cuotas y sin la aplicaci\u00f3n de inter\u00e9s alguno.<\/p>\n<p class=\"v1MsoNormal\">La promoci\u00f3n apunta a reducir el impacto de los fuertes aumentos en las tarifas de energ\u00eda el\u00e9ctrica debido a la pol\u00edtica nacional de retiro de los subsidios en el sector energ\u00e9tico.<\/p>\n<p class=\"v1MsoNormal\">Catamarca se suma as\u00ed al lote de provincias donde sus distribuidoras el\u00e9ctricas implementaron planes de pago de las facturas en cuotas, aunque todas con tasas de inter\u00e9s preferenciales, pero con inter\u00e9s al fin.<\/p>\n<p class=\"v1MsoNormal\">La provincia de C\u00f3rdoba\u00a0 hizo punta, y luego se sumaron otras provincias, en la implementaci\u00f3n de financiaci\u00f3n de los consumos energ\u00e9ticos en 3 cuotas y con un inter\u00e9s del 8% mensual. Ah\u00ed est\u00e1 la gran diferencia con la financiaci\u00f3n que ofrece EC SAPEM y el Banco Naci\u00f3n, que los usuarios catamarque\u00f1os puedan abonar las facturas de luz hasta en 6 cuotas y sin inter\u00e9s, con tarjetas VISA, MASTERCARD y Bancat MC emitidas por el Banco Naci\u00f3n Argentina.<\/p>\n","protected":false},"excerpt":{"rendered":"<p>EC SAPEM inform\u00f3 sobre la posibilidad de abonar las facturas de luz en 6 cuotas, sin inter\u00e9s por la financiaci\u00f3n. En C\u00f3rdoba y otras provincias, se implement\u00f3 la financiaci\u00f3n de los consumos energ\u00e9ticos en solo 3 cuotas y con un inter\u00e9s del 8% mensual. EC SAPEM y BNA+ lanzaron una promoci\u00f3n para pagar las facturas [&hellip;]<\/p>\n","protected":false},"author":2,"featured_media":275,"comment_status":"open","ping_status":"open","sticky":false,"template":"","format":"standard","meta":{"footnotes":""},"categories":[20],"tags":[],"class_list":{"0":"post-274","1":"post","2":"type-post","3":"status-publish","4":"format-standard","5":"has-post-thumbnail","7":"category-sociedad"},"aioseo_notices":[],"_links":{"self":[{"href":"https:\/\/elfaroonline.com.ar\/index.php\/wp-json\/wp\/v2\/posts\/274","targetHints":{"allow":["GET"]}}],"collection":[{"href":"https:\/\/elfaroonline.com.ar\/index.php\/wp-json\/wp\/v2\/posts"}],"about":[{"href":"https:\/\/elfaroonline.com.ar\/index.php\/wp-json\/wp\/v2\/types\/post"}],"author":[{"embeddable":true,"href":"https:\/\/elfaroonline.com.ar\/index.php\/wp-json\/wp\/v2\/users\/2"}],"replies":[{"embeddable":true,"href":"https:\/\/elfaroonline.com.ar\/index.php\/wp-json\/wp\/v2\/comments?post=274"}],"version-history":[{"count":1,"href":"https:\/\/elfaroonline.com.ar\/index.php\/wp-json\/wp\/v2\/posts\/274\/revisions"}],"predecessor-version":[{"id":276,"href":"https:\/\/elfaroonline.com.ar\/index.php\/wp-json\/wp\/v2\/posts\/274\/revisions\/276"}],"wp:featuredmedia":[{"embeddable":true,"href":"https:\/\/elfaroonline.com.ar\/index.php\/wp-json\/wp\/v2\/media\/275"}],"wp:attachment":[{"href":"https:\/\/elfaroonline.com.ar\/index.php\/wp-json\/wp\/v2\/media?parent=274"}],"wp:term":[{"taxonomy":"category","embeddable":true,"href":"https:\/\/elfaroonline.com.ar\/index.php\/wp-json\/wp\/v2\/categories?post=274"},{"taxonomy":"post_tag","embeddable":true,"href":"https:\/\/elfaroonline.com.ar\/index.php\/wp-json\/wp\/v2\/tags?post=274"}],"curies":[{"name":"wp","href":"https:\/\/api.w.org\/{rel}","templated":true}]}}