{"id":2740,"date":"2024-10-25T11:46:05","date_gmt":"2024-10-25T14:46:05","guid":{"rendered":"https:\/\/elfaroonline.com.ar\/?p=2740"},"modified":"2024-10-25T11:46:05","modified_gmt":"2024-10-25T14:46:05","slug":"la-fundacion-river-plate-trabaja-en-el-fortalecimiento-de-los-clubes-catamarquenos","status":"publish","type":"post","link":"https:\/\/elfaroonline.com.ar\/index.php\/2024\/10\/25\/la-fundacion-river-plate-trabaja-en-el-fortalecimiento-de-los-clubes-catamarquenos\/","title":{"rendered":"La Fundaci\u00f3n River Plate trabaja en el fortalecimiento de los clubes catamarque\u00f1os"},"content":{"rendered":"<p class=\"v1MsoNormal\">El gobernador Ra\u00fal Jalil, acompa\u00f1ado del vicegobernador Rub\u00e9n Dusso, recibi\u00f3 en Casa de Gobierno a la directora de la Fundaci\u00f3n River Plate, Luc\u00eda de la Vega, y a la manager de Negocio Responsable de BBVA en Argentina, Mar\u00eda Martha Deleonardis, quienes visitaron la provincia en el marco del proyecto &#8220;Escuela de Formadores&#8221;.<\/p>\n<p class=\"v1MsoNormal\">Las representantes le transmitieron al Gobernador los objetivos de esta iniciativa, que busca capacitar a l\u00edderes sociales mediante charlas, talleres y un entrenamiento en vivo, utilizando la &#8220;Metodolog\u00eda Fundaci\u00f3n River Plate&#8221;. Esta metodolog\u00eda integra tanto el desarrollo deportivo como el acompa\u00f1amiento social.<\/p>\n<p class=\"v1MsoNormal\">Luc\u00eda de la Vega destac\u00f3 que &#8220;lo que hacemos es fortalecer a los clubes de barrio para que cada vez haya m\u00e1s clubes en nuestro pa\u00eds que contengan a ni\u00f1os y ni\u00f1as para tener un proyecto de pa\u00eds m\u00e1s integrado&#8221;.<\/p>\n<p class=\"v1MsoNormal\">El proyecto contempla dos jornadas intensivas de trabajo en el Polideportivo Capital, durante las cuales se abordar\u00e1n diferentes contenidos. En la primera jornada asistieron cerca de 200 dirigentes. Adem\u00e1s, est\u00e1 previsto un taller dirigido a dirigentes de los clubes enfocados en educaci\u00f3n financiera, para que puedan gestionar sus recursos de manera eficiente.<\/p>\n","protected":false},"excerpt":{"rendered":"<p>El gobernador Ra\u00fal Jalil, acompa\u00f1ado del vicegobernador Rub\u00e9n Dusso, recibi\u00f3 en Casa de Gobierno a la directora de la Fundaci\u00f3n River Plate, Luc\u00eda de la Vega, y a la manager de Negocio Responsable de BBVA en Argentina, Mar\u00eda Martha Deleonardis, quienes visitaron la provincia en el marco del proyecto &#8220;Escuela de Formadores&#8221;. Las representantes le [&hellip;]<\/p>\n","protected":false},"author":2,"featured_media":2741,"comment_status":"open","ping_status":"open","sticky":false,"template":"","format":"standard","meta":{"footnotes":""},"categories":[25,23],"tags":[],"class_list":{"0":"post-2740","1":"post","2":"type-post","3":"status-publish","4":"format-standard","5":"has-post-thumbnail","7":"category-deportes","8":"category-destacados"},"aioseo_notices":[],"_links":{"self":[{"href":"https:\/\/elfaroonline.com.ar\/index.php\/wp-json\/wp\/v2\/posts\/2740","targetHints":{"allow":["GET"]}}],"collection":[{"href":"https:\/\/elfaroonline.com.ar\/index.php\/wp-json\/wp\/v2\/posts"}],"about":[{"href":"https:\/\/elfaroonline.com.ar\/index.php\/wp-json\/wp\/v2\/types\/post"}],"author":[{"embeddable":true,"href":"https:\/\/elfaroonline.com.ar\/index.php\/wp-json\/wp\/v2\/users\/2"}],"replies":[{"embeddable":true,"href":"https:\/\/elfaroonline.com.ar\/index.php\/wp-json\/wp\/v2\/comments?post=2740"}],"version-history":[{"count":1,"href":"https:\/\/elfaroonline.com.ar\/index.php\/wp-json\/wp\/v2\/posts\/2740\/revisions"}],"predecessor-version":[{"id":2742,"href":"https:\/\/elfaroonline.com.ar\/index.php\/wp-json\/wp\/v2\/posts\/2740\/revisions\/2742"}],"wp:featuredmedia":[{"embeddable":true,"href":"https:\/\/elfaroonline.com.ar\/index.php\/wp-json\/wp\/v2\/media\/2741"}],"wp:attachment":[{"href":"https:\/\/elfaroonline.com.ar\/index.php\/wp-json\/wp\/v2\/media?parent=2740"}],"wp:term":[{"taxonomy":"category","embeddable":true,"href":"https:\/\/elfaroonline.com.ar\/index.php\/wp-json\/wp\/v2\/categories?post=2740"},{"taxonomy":"post_tag","embeddable":true,"href":"https:\/\/elfaroonline.com.ar\/index.php\/wp-json\/wp\/v2\/tags?post=2740"}],"curies":[{"name":"wp","href":"https:\/\/api.w.org\/{rel}","templated":true}]}}