{"id":2743,"date":"2024-10-25T11:48:21","date_gmt":"2024-10-25T14:48:21","guid":{"rendered":"https:\/\/elfaroonline.com.ar\/?p=2743"},"modified":"2024-10-25T11:48:21","modified_gmt":"2024-10-25T14:48:21","slug":"los-altos-tendra-nueva-terminal-mas-asfaltado-y-mutquin-un-nuevo-polideportivo","status":"publish","type":"post","link":"https:\/\/elfaroonline.com.ar\/index.php\/2024\/10\/25\/los-altos-tendra-nueva-terminal-mas-asfaltado-y-mutquin-un-nuevo-polideportivo\/","title":{"rendered":"Los Altos tendr\u00e1 nueva Terminal m\u00e1s asfaltado y Mutqu\u00edn un nuevo Polideportivo"},"content":{"rendered":"<p class=\"v1MsoNormal\">En el marco del trabajo en sinergia que viene desarrollando el Gobierno provincial con los municipios, el gobernador Ra\u00fal Jalil se reuni\u00f3 con los intendentes Ra\u00fal Barot (Los Altos) y Carlos Luna (Mutqu\u00edn) para coordinar la ejecuci\u00f3n de importantes obras en ambas jurisdicciones en los pr\u00f3ximos meses.<\/p>\n<p class=\"v1MsoNormal\">El equipo del Ministerio de Infraestructura y Obras Civiles tambi\u00e9n particip\u00f3 de la reuni\u00f3n para interiorizarse y avanzar con la elaboraci\u00f3n de los proyectos de las obras solicitadas por los jefes comunales, que se espera tengan un impacto directo en las comunidades locales.<\/p>\n<p class=\"v1MsoNormal\">En la jurisdicci\u00f3n de Los Altos se avanzar\u00e1 con el proyecto para construir la nueva Terminal de \u00d3mnibus, anunciada por el Gobernador en su \u00faltima visita. Adem\u00e1s, se llevar\u00e1 a cabo la construcci\u00f3n de un Polideportivo y se prev\u00e9 el asfaltado de los barrios San Jos\u00e9, Avenida Virgen del Valle, Barrio Santa Rosa de Lima, Barrio IPV, entre otros.<\/p>\n<p class=\"v1MsoNormal\">Por su parte, en Mutqu\u00edn se edificar\u00e1 un Polideportivo cubierto, adaptado a las condiciones clim\u00e1ticas de la localidad de Pom\u00e1n que enfrenta bajas temperaturas durante gran parte del a\u00f1o.<\/p>\n<p class=\"v1MsoNormal\">Otra gran noticia para la localidad de Mutqu\u00edn es que aproximadamente en un mes se proceder\u00e1 a la licitaci\u00f3n para la construcci\u00f3n del nuevo hospital. Este es un anhelo de su poblaci\u00f3n y permitir\u00e1 atender la creciente demanda de la comunidad.<\/p>\n","protected":false},"excerpt":{"rendered":"<p>En el marco del trabajo en sinergia que viene desarrollando el Gobierno provincial con los municipios, el gobernador Ra\u00fal Jalil se reuni\u00f3 con los intendentes Ra\u00fal Barot (Los Altos) y Carlos Luna (Mutqu\u00edn) para coordinar la ejecuci\u00f3n de importantes obras en ambas jurisdicciones en los pr\u00f3ximos meses. El equipo del Ministerio de Infraestructura y Obras [&hellip;]<\/p>\n","protected":false},"author":2,"featured_media":2744,"comment_status":"open","ping_status":"open","sticky":false,"template":"","format":"standard","meta":{"footnotes":""},"categories":[21],"tags":[],"class_list":{"0":"post-2743","1":"post","2":"type-post","3":"status-publish","4":"format-standard","5":"has-post-thumbnail","7":"category-politica"},"aioseo_notices":[],"_links":{"self":[{"href":"https:\/\/elfaroonline.com.ar\/index.php\/wp-json\/wp\/v2\/posts\/2743","targetHints":{"allow":["GET"]}}],"collection":[{"href":"https:\/\/elfaroonline.com.ar\/index.php\/wp-json\/wp\/v2\/posts"}],"about":[{"href":"https:\/\/elfaroonline.com.ar\/index.php\/wp-json\/wp\/v2\/types\/post"}],"author":[{"embeddable":true,"href":"https:\/\/elfaroonline.com.ar\/index.php\/wp-json\/wp\/v2\/users\/2"}],"replies":[{"embeddable":true,"href":"https:\/\/elfaroonline.com.ar\/index.php\/wp-json\/wp\/v2\/comments?post=2743"}],"version-history":[{"count":1,"href":"https:\/\/elfaroonline.com.ar\/index.php\/wp-json\/wp\/v2\/posts\/2743\/revisions"}],"predecessor-version":[{"id":2745,"href":"https:\/\/elfaroonline.com.ar\/index.php\/wp-json\/wp\/v2\/posts\/2743\/revisions\/2745"}],"wp:featuredmedia":[{"embeddable":true,"href":"https:\/\/elfaroonline.com.ar\/index.php\/wp-json\/wp\/v2\/media\/2744"}],"wp:attachment":[{"href":"https:\/\/elfaroonline.com.ar\/index.php\/wp-json\/wp\/v2\/media?parent=2743"}],"wp:term":[{"taxonomy":"category","embeddable":true,"href":"https:\/\/elfaroonline.com.ar\/index.php\/wp-json\/wp\/v2\/categories?post=2743"},{"taxonomy":"post_tag","embeddable":true,"href":"https:\/\/elfaroonline.com.ar\/index.php\/wp-json\/wp\/v2\/tags?post=2743"}],"curies":[{"name":"wp","href":"https:\/\/api.w.org\/{rel}","templated":true}]}}