{"id":2746,"date":"2024-10-25T11:51:16","date_gmt":"2024-10-25T14:51:16","guid":{"rendered":"https:\/\/elfaroonline.com.ar\/?p=2746"},"modified":"2024-10-25T11:51:16","modified_gmt":"2024-10-25T14:51:16","slug":"trabajo-conjunto-con-senasa-para-fortalecer-el-sector-ganadero-en-catamarca","status":"publish","type":"post","link":"https:\/\/elfaroonline.com.ar\/index.php\/2024\/10\/25\/trabajo-conjunto-con-senasa-para-fortalecer-el-sector-ganadero-en-catamarca\/","title":{"rendered":"Trabajo conjunto con SENASA para fortalecer el sector ganadero en Catamarca"},"content":{"rendered":"<p class=\"v1MsoNormal\"><i>El ministro, Juan Cruz Miranda, recibi\u00f3 a autoridades del Servicio Nacional de Sanidad y Calidad Agroalimentaria (SENASA) a fines de atender las principales tem\u00e1ticas de cuidado animal que ata\u00f1en a la provincia. <\/i><\/p>\n<p class=\"v1MsoNormal\">Se llev\u00f3 adelante la reuni\u00f3n en el Ministerio de Inclusi\u00f3n Digital y Sistemas Productivos, encabezada por el secretario de Producci\u00f3n y Tecnolog\u00eda Agropecuaria, Ing. Agr. Fernando Molina, junto al vicepresidente de SENASA, Nestor Osacar, el director nacional de Inocuidad y Calidad Agroalimentaria, Jorge Grant, y autoridades de dicho organismo encabezadas por el director del centro regional NOA SUR, Ing. Agr. Jose Luque y su equipo t\u00e9cnico.<\/p>\n<p class=\"v1MsoNormal\">Durante el encuentro, se trataron temas relevantes sobre distintas actividades productivas, tanto para la provincia como para el organismo nacional. Se unificaron y planificaron tareas con la cartera de producci\u00f3n, como la firma de un convenio de est\u00e1ndar \u00fanico sanitario para los establecimientos de faena en la provincia. Este documento garantiza el cumplimiento de normativas nacionales y provinciales para alcanzar la calidad e inocuidad de productos c\u00e1rnicos seg\u00fan los est\u00e1ndares exigidos por las normas federales.<\/p>\n<p class=\"v1MsoNormal\">Como parte de la jornada, se realiz\u00f3 una visita al frigor\u00edfico de Chumbicha para evaluar las necesidades de los establecimientos de faena. El objetivo es el cumplimiento de normas sanitarias que garanticen el tr\u00e1nsito federal de la planta de faena, una pol\u00edtica que permitir\u00e1 generar puestos de trabajo directos, y la incorporaci\u00f3n de mayor ingreso provincial a la producci\u00f3n. Adem\u00e1s, de generar v\u00ednculos comerciales, para beneficio de la provincia y de la regi\u00f3n NOA.<\/p>\n<p class=\"v1MsoNormal\">En este sentido, se especificaron acciones que se vienen realizando en conjunto y las nuevas normativas que el Senasa quiere implementar a partir de 2025 con respecto a la trazabilidad individual del rodeo bovino. Estas medidas prometen mejorar la transparencia y eficacia en la gesti\u00f3n ganadera. Durante el encuentro el secretario Ing. Agr. Fernando Molina destac\u00f3 la importancia de abordar de manera prioritaria el estatus sanitario de todas las especies ganaderas, y subray\u00f3 la importancia de fomentar el trabajo conjunto con Senasa.<\/p>\n<p class=\"v1MsoNormal\">De esta manera, el gobierno provincial sigue impulsando pol\u00edticas y acciones concretas para avanzar en la industrializaci\u00f3n de la producci\u00f3n agropecuaria. &#8220;Estos procesos aseguran que las medidas o acciones implementadas garanticen la protecci\u00f3n del sector ganadero. El objetivo es generar agregado de valor, desarrollo local y beneficios directos para todos los productores&#8221;, finaliz\u00f3 el secretario de la cartera agropecuaria.<\/p>\n","protected":false},"excerpt":{"rendered":"<p>El ministro, Juan Cruz Miranda, recibi\u00f3 a autoridades del Servicio Nacional de Sanidad y Calidad Agroalimentaria (SENASA) a fines de atender las principales tem\u00e1ticas de cuidado animal que ata\u00f1en a la provincia. Se llev\u00f3 adelante la reuni\u00f3n en el Ministerio de Inclusi\u00f3n Digital y Sistemas Productivos, encabezada por el secretario de Producci\u00f3n y Tecnolog\u00eda Agropecuaria, [&hellip;]<\/p>\n","protected":false},"author":2,"featured_media":2747,"comment_status":"open","ping_status":"open","sticky":false,"template":"","format":"standard","meta":{"footnotes":""},"categories":[20],"tags":[],"class_list":{"0":"post-2746","1":"post","2":"type-post","3":"status-publish","4":"format-standard","5":"has-post-thumbnail","7":"category-sociedad"},"aioseo_notices":[],"_links":{"self":[{"href":"https:\/\/elfaroonline.com.ar\/index.php\/wp-json\/wp\/v2\/posts\/2746","targetHints":{"allow":["GET"]}}],"collection":[{"href":"https:\/\/elfaroonline.com.ar\/index.php\/wp-json\/wp\/v2\/posts"}],"about":[{"href":"https:\/\/elfaroonline.com.ar\/index.php\/wp-json\/wp\/v2\/types\/post"}],"author":[{"embeddable":true,"href":"https:\/\/elfaroonline.com.ar\/index.php\/wp-json\/wp\/v2\/users\/2"}],"replies":[{"embeddable":true,"href":"https:\/\/elfaroonline.com.ar\/index.php\/wp-json\/wp\/v2\/comments?post=2746"}],"version-history":[{"count":1,"href":"https:\/\/elfaroonline.com.ar\/index.php\/wp-json\/wp\/v2\/posts\/2746\/revisions"}],"predecessor-version":[{"id":2748,"href":"https:\/\/elfaroonline.com.ar\/index.php\/wp-json\/wp\/v2\/posts\/2746\/revisions\/2748"}],"wp:featuredmedia":[{"embeddable":true,"href":"https:\/\/elfaroonline.com.ar\/index.php\/wp-json\/wp\/v2\/media\/2747"}],"wp:attachment":[{"href":"https:\/\/elfaroonline.com.ar\/index.php\/wp-json\/wp\/v2\/media?parent=2746"}],"wp:term":[{"taxonomy":"category","embeddable":true,"href":"https:\/\/elfaroonline.com.ar\/index.php\/wp-json\/wp\/v2\/categories?post=2746"},{"taxonomy":"post_tag","embeddable":true,"href":"https:\/\/elfaroonline.com.ar\/index.php\/wp-json\/wp\/v2\/tags?post=2746"}],"curies":[{"name":"wp","href":"https:\/\/api.w.org\/{rel}","templated":true}]}}