{"id":2749,"date":"2024-10-25T11:54:53","date_gmt":"2024-10-25T14:54:53","guid":{"rendered":"https:\/\/elfaroonline.com.ar\/?p=2749"},"modified":"2024-10-25T11:54:53","modified_gmt":"2024-10-25T14:54:53","slug":"dique-la-herradura-apertura-de-sobres-para-una-obra-que-cambiara-la-realidad-hidrica-de-ambato","status":"publish","type":"post","link":"https:\/\/elfaroonline.com.ar\/index.php\/2024\/10\/25\/dique-la-herradura-apertura-de-sobres-para-una-obra-que-cambiara-la-realidad-hidrica-de-ambato\/","title":{"rendered":"Dique La Herradura: apertura de sobres para una obra que cambiar\u00e1 la realidad h\u00eddrica de Ambato"},"content":{"rendered":"<p class=\"v1MsoNormal\">En las oficinas de la empresa Aguas de Catamarca, se realiz\u00f3 la apertura de sobres para la licitaci\u00f3n del proyecto multiprop\u00f3sito &#8220;Dique La Herradura&#8221;, ubicado en el departamento Ambato, con un presupuesto oficial de $34.743.131.970,39.<\/p>\n<p class=\"v1MsoNormal\">En el acto estuvieron presentes la vicepresidenta de la empresa de Agua Catamarca, Karina Mas; el director Acciones Clase B M.M.O., Marcelo Rivero; la gerenta General de la empresa, Ivana Varas; el intendente de Las Juntas, Jorge Herrera, entre otras autoridades.<\/p>\n<p class=\"v1MsoNormal\">Las empresas oferentes fueron la UTE Moguetta-Hormicat-Huasi-Italca con una propuesta de $49.885.613.627,51 y Luis Carlos Zonis SA cuya propuesta fue de $34.742.642.698,23.<\/p>\n<p class=\"v1MsoNormal\">Esta obra tiene como principal objetivo aprovechar la confluencia de los r\u00edos Las Salvias, Las Trancas y Las Juntas, generando m\u00faltiples beneficios en materia h\u00eddrica para la regi\u00f3n y el departamento en general.<\/p>\n","protected":false},"excerpt":{"rendered":"<p>En las oficinas de la empresa Aguas de Catamarca, se realiz\u00f3 la apertura de sobres para la licitaci\u00f3n del proyecto multiprop\u00f3sito &#8220;Dique La Herradura&#8221;, ubicado en el departamento Ambato, con un presupuesto oficial de $34.743.131.970,39. En el acto estuvieron presentes la vicepresidenta de la empresa de Agua Catamarca, Karina Mas; el director Acciones Clase B [&hellip;]<\/p>\n","protected":false},"author":2,"featured_media":2750,"comment_status":"open","ping_status":"open","sticky":false,"template":"","format":"standard","meta":{"footnotes":""},"categories":[23,20],"tags":[],"class_list":{"0":"post-2749","1":"post","2":"type-post","3":"status-publish","4":"format-standard","5":"has-post-thumbnail","7":"category-destacados","8":"category-sociedad"},"aioseo_notices":[],"_links":{"self":[{"href":"https:\/\/elfaroonline.com.ar\/index.php\/wp-json\/wp\/v2\/posts\/2749","targetHints":{"allow":["GET"]}}],"collection":[{"href":"https:\/\/elfaroonline.com.ar\/index.php\/wp-json\/wp\/v2\/posts"}],"about":[{"href":"https:\/\/elfaroonline.com.ar\/index.php\/wp-json\/wp\/v2\/types\/post"}],"author":[{"embeddable":true,"href":"https:\/\/elfaroonline.com.ar\/index.php\/wp-json\/wp\/v2\/users\/2"}],"replies":[{"embeddable":true,"href":"https:\/\/elfaroonline.com.ar\/index.php\/wp-json\/wp\/v2\/comments?post=2749"}],"version-history":[{"count":1,"href":"https:\/\/elfaroonline.com.ar\/index.php\/wp-json\/wp\/v2\/posts\/2749\/revisions"}],"predecessor-version":[{"id":2751,"href":"https:\/\/elfaroonline.com.ar\/index.php\/wp-json\/wp\/v2\/posts\/2749\/revisions\/2751"}],"wp:featuredmedia":[{"embeddable":true,"href":"https:\/\/elfaroonline.com.ar\/index.php\/wp-json\/wp\/v2\/media\/2750"}],"wp:attachment":[{"href":"https:\/\/elfaroonline.com.ar\/index.php\/wp-json\/wp\/v2\/media?parent=2749"}],"wp:term":[{"taxonomy":"category","embeddable":true,"href":"https:\/\/elfaroonline.com.ar\/index.php\/wp-json\/wp\/v2\/categories?post=2749"},{"taxonomy":"post_tag","embeddable":true,"href":"https:\/\/elfaroonline.com.ar\/index.php\/wp-json\/wp\/v2\/tags?post=2749"}],"curies":[{"name":"wp","href":"https:\/\/api.w.org\/{rel}","templated":true}]}}