{"id":2752,"date":"2024-10-25T11:57:10","date_gmt":"2024-10-25T14:57:10","guid":{"rendered":"https:\/\/elfaroonline.com.ar\/?p=2752"},"modified":"2024-10-25T11:57:10","modified_gmt":"2024-10-25T14:57:10","slug":"avanza-la-conectividad-en-el-interior-de-catamarca-salado-cuenta-con-su-primera-torre-de-internet","status":"publish","type":"post","link":"https:\/\/elfaroonline.com.ar\/index.php\/2024\/10\/25\/avanza-la-conectividad-en-el-interior-de-catamarca-salado-cuenta-con-su-primera-torre-de-internet\/","title":{"rendered":"Avanza la conectividad en el interior de Catamarca: Salado cuenta con su primera torre de internet"},"content":{"rendered":"<p class=\"v1MsoNormal\">El gobernador Ra\u00fal Jalil particip\u00f3 de la inauguraci\u00f3n de la primera antena que brindar\u00e1 internet m\u00f3vil y fijo en lugares inh\u00f3spitos del departamento de Tinogasta. La empresa Imowi fue la encargada de poner en marcha hoy la torre en la localidad de Salado, marcando un d\u00eda hist\u00f3rico para el interior profundo de Catamarca, que comienza a tener conectividad y pronto contar\u00e1 tambi\u00e9n con televisi\u00f3n.<\/p>\n<p class=\"v1MsoNormal\">El plan de instalaci\u00f3n tendr\u00e1 continuidad en localidades del norte de Bel\u00e9n como Villa Vil, Barranca Larga, Pozo de Piedra, Laguna Blanca, C\u00f3ndor Huasi, Corral Quemado y Puerta de Corral Quemado, avanzando as\u00ed en la ampliaci\u00f3n de la cobertura en zonas que hasta ahora no ten\u00edan acceso a este servicio esencial.<\/p>\n<p class=\"v1MsoNormal\">Acompa\u00f1aron al gobernador en el acto de inauguraci\u00f3n el intendente de Tinogasta, Ernesto Andrada, y los diputados nacionales Sebasti\u00e1n N\u00f3blega y Dante L\u00f3pez Rodr\u00edguez. Durante su intervenci\u00f3n, Miguel Factor, responsable de Imowi Argentina, destac\u00f3 el esfuerzo conjunto entre el sector p\u00fablico y privado. &#8220;Este es el trabajo que estamos haciendo en conjunto, es un acuerdo p\u00fablico-privado con la SAPEM de Telecomunicaciones de Catamarca y el Ministerio de Inclusi\u00f3n Digital y Sistemas Productivos de la mano del ministro Juan Cruz Miranda&#8221;, explic\u00f3.<\/p>\n<p class=\"v1MsoNormal\">Factor agradeci\u00f3 al Gobernador por la oportunidad de accionar de manera articulada. &#8220;Creo que esta es la forma en la que debemos trabajar hacia adelante, p\u00fablico-privado&#8221;.<\/p>\n<p class=\"v1MsoNormal\">Adem\u00e1s de la antena, en la primera jornada del recorrido por el departamento por parte del mandatario y la comitiva, se inaugur\u00f3 un cajero autom\u00e1tico en Salado, facilitando el acceso a servicios bancarios para los vecinos de la localidad.<\/p>\n","protected":false},"excerpt":{"rendered":"<p>El gobernador Ra\u00fal Jalil particip\u00f3 de la inauguraci\u00f3n de la primera antena que brindar\u00e1 internet m\u00f3vil y fijo en lugares inh\u00f3spitos del departamento de Tinogasta. La empresa Imowi fue la encargada de poner en marcha hoy la torre en la localidad de Salado, marcando un d\u00eda hist\u00f3rico para el interior profundo de Catamarca, que comienza [&hellip;]<\/p>\n","protected":false},"author":2,"featured_media":2753,"comment_status":"open","ping_status":"open","sticky":false,"template":"","format":"standard","meta":{"footnotes":""},"categories":[21],"tags":[],"class_list":{"0":"post-2752","1":"post","2":"type-post","3":"status-publish","4":"format-standard","5":"has-post-thumbnail","7":"category-politica"},"aioseo_notices":[],"_links":{"self":[{"href":"https:\/\/elfaroonline.com.ar\/index.php\/wp-json\/wp\/v2\/posts\/2752","targetHints":{"allow":["GET"]}}],"collection":[{"href":"https:\/\/elfaroonline.com.ar\/index.php\/wp-json\/wp\/v2\/posts"}],"about":[{"href":"https:\/\/elfaroonline.com.ar\/index.php\/wp-json\/wp\/v2\/types\/post"}],"author":[{"embeddable":true,"href":"https:\/\/elfaroonline.com.ar\/index.php\/wp-json\/wp\/v2\/users\/2"}],"replies":[{"embeddable":true,"href":"https:\/\/elfaroonline.com.ar\/index.php\/wp-json\/wp\/v2\/comments?post=2752"}],"version-history":[{"count":1,"href":"https:\/\/elfaroonline.com.ar\/index.php\/wp-json\/wp\/v2\/posts\/2752\/revisions"}],"predecessor-version":[{"id":2754,"href":"https:\/\/elfaroonline.com.ar\/index.php\/wp-json\/wp\/v2\/posts\/2752\/revisions\/2754"}],"wp:featuredmedia":[{"embeddable":true,"href":"https:\/\/elfaroonline.com.ar\/index.php\/wp-json\/wp\/v2\/media\/2753"}],"wp:attachment":[{"href":"https:\/\/elfaroonline.com.ar\/index.php\/wp-json\/wp\/v2\/media?parent=2752"}],"wp:term":[{"taxonomy":"category","embeddable":true,"href":"https:\/\/elfaroonline.com.ar\/index.php\/wp-json\/wp\/v2\/categories?post=2752"},{"taxonomy":"post_tag","embeddable":true,"href":"https:\/\/elfaroonline.com.ar\/index.php\/wp-json\/wp\/v2\/tags?post=2752"}],"curies":[{"name":"wp","href":"https:\/\/api.w.org\/{rel}","templated":true}]}}