{"id":2755,"date":"2024-10-25T11:59:46","date_gmt":"2024-10-25T14:59:46","guid":{"rendered":"https:\/\/elfaroonline.com.ar\/?p=2755"},"modified":"2024-10-25T11:59:46","modified_gmt":"2024-10-25T14:59:46","slug":"todo-listo-en-tinogasta-para-recibir-a-los-juegos-atacalar-2024","status":"publish","type":"post","link":"https:\/\/elfaroonline.com.ar\/index.php\/2024\/10\/25\/todo-listo-en-tinogasta-para-recibir-a-los-juegos-atacalar-2024\/","title":{"rendered":"Todo listo en Tinogasta para recibir a los Juegos Atacalar 2024"},"content":{"rendered":"<p>&nbsp;<\/p>\n<p>En un acto encabezado por el gobernador Ra\u00fal Jalil, se lanz\u00f3 oficialmente la primera edici\u00f3n de los Juegos Atacalar del Interior, que se llevar\u00e1n a cabo en la ciudad de Tinogasta del 15 al 17 de noviembre. Este importante evento deportivo reunir\u00e1 a delegaciones de Chile y Argentina, con la participaci\u00f3n de representantes de la Regi\u00f3n de Atacama, Catamarca, La Rioja, Santiago del Estero y Tucum\u00e1n.<\/p>\n<p>Los deportes en competencia ser\u00e1n v\u00f3ley playa, hockey seven, futsal, judo, ciclismo de monta\u00f1a, b\u00e1squet 3&#215;3, entre otras disciplinas, que unir\u00e1n a los j\u00f3venes deportistas de ambas naciones.<\/p>\n<p>El acto de lanzamiento cont\u00f3 con la presencia del intendente de Tinogasta, Ernesto Andrada; los diputados nacionales Sebasti\u00e1n N\u00f3blega y Dante L\u00f3pez Rodr\u00edguez; el ministro de Integraci\u00f3n Regional, Log\u00edstica y Transporte, Eduardo Andrada; el secretario de Deportes, Guillermo Perna, junto a otras autoridades provinciales y municipales.<\/p>\n<p>Durante su discurso, el mandatario provincial destac\u00f3 el esfuerzo conjunto del equipo de trabajo para hacer posible la realizaci\u00f3n de este evento deportivo binacional y felicit\u00f3 a los j\u00f3venes deportistas que participar\u00e1n. &#8220;Nos tenemos que seguir integrando con Chile&#8221;, se\u00f1al\u00f3 el Gobernador, destacando tambi\u00e9n las gestiones que se est\u00e1n llevando adelante para habilitar el Paso de San Francisco de manera diaria, facilitando el intercambio entre ambos pa\u00edses.<\/p>\n<p>Por su parte, el secretario de Deportes de Tinogasta, Hugo Nieto, expres\u00f3 su alegr\u00eda por ser sede de los Juegos Atacar 2024. &#8220;Estamos ante un hito impresionante para la provincia. Los Juegos Atacalar se vuelven a realizar y eso nos tiene que llenar de alegr\u00eda y orgullo&#8221;, coment\u00f3, al tiempo que agradeci\u00f3 las pol\u00edticas de infraestructura impulsadas por el exintendente Sebasti\u00e1n N\u00f3blega, que \u201chan permitido que Tinogasta cuente con los espacios adecuados para albergar los juegos\u201d.<\/p>\n<p>Nieto tambi\u00e9n subray\u00f3 que &#8220;normalmente estos eventos se realizan en las capitales provinciales y lo vamos a tener en Tinogasta, porque contamos con las instalaciones necesarias para su desarrollo&#8221;.<\/p>\n","protected":false},"excerpt":{"rendered":"<p>&nbsp; En un acto encabezado por el gobernador Ra\u00fal Jalil, se lanz\u00f3 oficialmente la primera edici\u00f3n de los Juegos Atacalar del Interior, que se llevar\u00e1n a cabo en la ciudad de Tinogasta del 15 al 17 de noviembre. Este importante evento deportivo reunir\u00e1 a delegaciones de Chile y Argentina, con la participaci\u00f3n de representantes de [&hellip;]<\/p>\n","protected":false},"author":2,"featured_media":2756,"comment_status":"open","ping_status":"open","sticky":false,"template":"","format":"standard","meta":{"footnotes":""},"categories":[23,20],"tags":[],"class_list":{"0":"post-2755","1":"post","2":"type-post","3":"status-publish","4":"format-standard","5":"has-post-thumbnail","7":"category-destacados","8":"category-sociedad"},"aioseo_notices":[],"_links":{"self":[{"href":"https:\/\/elfaroonline.com.ar\/index.php\/wp-json\/wp\/v2\/posts\/2755","targetHints":{"allow":["GET"]}}],"collection":[{"href":"https:\/\/elfaroonline.com.ar\/index.php\/wp-json\/wp\/v2\/posts"}],"about":[{"href":"https:\/\/elfaroonline.com.ar\/index.php\/wp-json\/wp\/v2\/types\/post"}],"author":[{"embeddable":true,"href":"https:\/\/elfaroonline.com.ar\/index.php\/wp-json\/wp\/v2\/users\/2"}],"replies":[{"embeddable":true,"href":"https:\/\/elfaroonline.com.ar\/index.php\/wp-json\/wp\/v2\/comments?post=2755"}],"version-history":[{"count":1,"href":"https:\/\/elfaroonline.com.ar\/index.php\/wp-json\/wp\/v2\/posts\/2755\/revisions"}],"predecessor-version":[{"id":2757,"href":"https:\/\/elfaroonline.com.ar\/index.php\/wp-json\/wp\/v2\/posts\/2755\/revisions\/2757"}],"wp:featuredmedia":[{"embeddable":true,"href":"https:\/\/elfaroonline.com.ar\/index.php\/wp-json\/wp\/v2\/media\/2756"}],"wp:attachment":[{"href":"https:\/\/elfaroonline.com.ar\/index.php\/wp-json\/wp\/v2\/media?parent=2755"}],"wp:term":[{"taxonomy":"category","embeddable":true,"href":"https:\/\/elfaroonline.com.ar\/index.php\/wp-json\/wp\/v2\/categories?post=2755"},{"taxonomy":"post_tag","embeddable":true,"href":"https:\/\/elfaroonline.com.ar\/index.php\/wp-json\/wp\/v2\/tags?post=2755"}],"curies":[{"name":"wp","href":"https:\/\/api.w.org\/{rel}","templated":true}]}}