{"id":2758,"date":"2024-10-25T12:02:20","date_gmt":"2024-10-25T15:02:20","guid":{"rendered":"https:\/\/elfaroonline.com.ar\/?p=2758"},"modified":"2024-10-25T12:02:20","modified_gmt":"2024-10-25T15:02:20","slug":"una-mujer-perdio-la-vida-tras-un-vuelco-en-poman","status":"publish","type":"post","link":"https:\/\/elfaroonline.com.ar\/index.php\/2024\/10\/25\/una-mujer-perdio-la-vida-tras-un-vuelco-en-poman\/","title":{"rendered":"Una mujer perdi\u00f3 la vida tras un vuelco en Pom\u00e1n"},"content":{"rendered":"<p class=\"v1MsoNormal\">Ayer a las <b>18:20,<\/b> personal de la <b>Comisar\u00eda Departamental Pom\u00e1n <\/b>se hizo presente a la altura del kil\u00f3metro N<span lang=\"EN-US\">\u00ba<\/span> 18, de la ruta provincial N<span lang=\"EN-US\">\u00b0<\/span> 46, de ese Departamento, donde se registr\u00f3 un siniestro vial fatal.<\/p>\n<p class=\"v1MsoNormal\">En el lugar, los polic\u00edas constataron que, mientras una mujer identificada como <b>Luc\u00eda Alejandra Olivieri (60),<\/b>circulaba en un autom\u00f3vil Volkswagen Gol Power, dominio KLZ-165, de color rojo, acompa\u00f1ada por <b>Romelia Olmedo (89),<\/b> por motivos que se investigan, perdi\u00f3 el control del rodado y termin\u00f3 volcando a un costado de la banquina.<\/p>\n<p class=\"v1MsoNormal\">Producto del siniestro, la octogenaria perdi\u00f3 la vida en el acto, mientras que la conductora sufri\u00f3 lesiones que demandaron la asistencia de facultativos m\u00e9dicos del hospital zonal de Pom\u00e1n, por lo que efectivos de esa seccional labraron las actuaciones de rigor, bajo las directivas de la Fiscal\u00eda de la Segunda Circunscripci\u00f3n Judicial.<\/p>\n","protected":false},"excerpt":{"rendered":"<p>Ayer a las 18:20, personal de la Comisar\u00eda Departamental Pom\u00e1n se hizo presente a la altura del kil\u00f3metro N\u00ba 18, de la ruta provincial N\u00b0 46, de ese Departamento, donde se registr\u00f3 un siniestro vial fatal. En el lugar, los polic\u00edas constataron que, mientras una mujer identificada como Luc\u00eda Alejandra Olivieri (60),circulaba en un autom\u00f3vil [&hellip;]<\/p>\n","protected":false},"author":2,"featured_media":2759,"comment_status":"open","ping_status":"open","sticky":false,"template":"","format":"standard","meta":{"footnotes":""},"categories":[27],"tags":[],"class_list":{"0":"post-2758","1":"post","2":"type-post","3":"status-publish","4":"format-standard","5":"has-post-thumbnail","7":"category-policiales"},"aioseo_notices":[],"_links":{"self":[{"href":"https:\/\/elfaroonline.com.ar\/index.php\/wp-json\/wp\/v2\/posts\/2758","targetHints":{"allow":["GET"]}}],"collection":[{"href":"https:\/\/elfaroonline.com.ar\/index.php\/wp-json\/wp\/v2\/posts"}],"about":[{"href":"https:\/\/elfaroonline.com.ar\/index.php\/wp-json\/wp\/v2\/types\/post"}],"author":[{"embeddable":true,"href":"https:\/\/elfaroonline.com.ar\/index.php\/wp-json\/wp\/v2\/users\/2"}],"replies":[{"embeddable":true,"href":"https:\/\/elfaroonline.com.ar\/index.php\/wp-json\/wp\/v2\/comments?post=2758"}],"version-history":[{"count":1,"href":"https:\/\/elfaroonline.com.ar\/index.php\/wp-json\/wp\/v2\/posts\/2758\/revisions"}],"predecessor-version":[{"id":2760,"href":"https:\/\/elfaroonline.com.ar\/index.php\/wp-json\/wp\/v2\/posts\/2758\/revisions\/2760"}],"wp:featuredmedia":[{"embeddable":true,"href":"https:\/\/elfaroonline.com.ar\/index.php\/wp-json\/wp\/v2\/media\/2759"}],"wp:attachment":[{"href":"https:\/\/elfaroonline.com.ar\/index.php\/wp-json\/wp\/v2\/media?parent=2758"}],"wp:term":[{"taxonomy":"category","embeddable":true,"href":"https:\/\/elfaroonline.com.ar\/index.php\/wp-json\/wp\/v2\/categories?post=2758"},{"taxonomy":"post_tag","embeddable":true,"href":"https:\/\/elfaroonline.com.ar\/index.php\/wp-json\/wp\/v2\/tags?post=2758"}],"curies":[{"name":"wp","href":"https:\/\/api.w.org\/{rel}","templated":true}]}}