{"id":2763,"date":"2024-10-25T15:29:25","date_gmt":"2024-10-25T18:29:25","guid":{"rendered":"https:\/\/elfaroonline.com.ar\/?p=2763"},"modified":"2024-10-25T15:29:25","modified_gmt":"2024-10-25T18:29:25","slug":"encuentran-a-una-persona-desaparecida-en-poman","status":"publish","type":"post","link":"https:\/\/elfaroonline.com.ar\/index.php\/2024\/10\/25\/encuentran-a-una-persona-desaparecida-en-poman\/","title":{"rendered":"Encuentran a una persona desaparecida en Pom\u00e1n"},"content":{"rendered":"<p class=\"v1MsoNormal\">Pasado el mediod\u00eda de ayer, efectivos de la <b>Subcomisar\u00eda de Mutqu\u00edn<\/b>, dependiente de la Jefatura de Zona<span lang=\"EN-US\">&#8220;<\/span>F<span lang=\"EN-US\">&#8220;<\/span>, del Departamento Pom\u00e1n, tomaron conocimiento que un hombre de apellido <b>Carrizo (81)<\/b>, se habr\u00eda ausentado de su domicilio.<\/p>\n<p class=\"v1MsoNormal\">De inmediato, los polic\u00edas con colaboraci\u00f3n de personal de la Jefatura de Zona y de lugare\u00f1os activaron el protocolo de b\u00fasqueda de personas y luego de unas horas lograron ubicar al octogenario en la Ruta Provincial N\u00b0 46, a la altura del Sal\u00f3n de Usos M\u00faltiples de la localidad de Retiro de Colana.<\/p>\n<p class=\"v1MsoNormal\">Finalmente, se dio intervenci\u00f3n a la Fiscal\u00eda de la Segunda Circunscripci\u00f3n Judicial, desde donde se impartieron las directivas a seguir.<\/p>\n","protected":false},"excerpt":{"rendered":"<p>Pasado el mediod\u00eda de ayer, efectivos de la Subcomisar\u00eda de Mutqu\u00edn, dependiente de la Jefatura de Zona&#8220;F&#8220;, del Departamento Pom\u00e1n, tomaron conocimiento que un hombre de apellido Carrizo (81), se habr\u00eda ausentado de su domicilio. De inmediato, los polic\u00edas con colaboraci\u00f3n de personal de la Jefatura de Zona y de lugare\u00f1os activaron el protocolo de [&hellip;]<\/p>\n","protected":false},"author":2,"featured_media":2764,"comment_status":"open","ping_status":"open","sticky":false,"template":"","format":"standard","meta":{"footnotes":""},"categories":[27],"tags":[],"class_list":{"0":"post-2763","1":"post","2":"type-post","3":"status-publish","4":"format-standard","5":"has-post-thumbnail","7":"category-policiales"},"aioseo_notices":[],"_links":{"self":[{"href":"https:\/\/elfaroonline.com.ar\/index.php\/wp-json\/wp\/v2\/posts\/2763","targetHints":{"allow":["GET"]}}],"collection":[{"href":"https:\/\/elfaroonline.com.ar\/index.php\/wp-json\/wp\/v2\/posts"}],"about":[{"href":"https:\/\/elfaroonline.com.ar\/index.php\/wp-json\/wp\/v2\/types\/post"}],"author":[{"embeddable":true,"href":"https:\/\/elfaroonline.com.ar\/index.php\/wp-json\/wp\/v2\/users\/2"}],"replies":[{"embeddable":true,"href":"https:\/\/elfaroonline.com.ar\/index.php\/wp-json\/wp\/v2\/comments?post=2763"}],"version-history":[{"count":1,"href":"https:\/\/elfaroonline.com.ar\/index.php\/wp-json\/wp\/v2\/posts\/2763\/revisions"}],"predecessor-version":[{"id":2765,"href":"https:\/\/elfaroonline.com.ar\/index.php\/wp-json\/wp\/v2\/posts\/2763\/revisions\/2765"}],"wp:featuredmedia":[{"embeddable":true,"href":"https:\/\/elfaroonline.com.ar\/index.php\/wp-json\/wp\/v2\/media\/2764"}],"wp:attachment":[{"href":"https:\/\/elfaroonline.com.ar\/index.php\/wp-json\/wp\/v2\/media?parent=2763"}],"wp:term":[{"taxonomy":"category","embeddable":true,"href":"https:\/\/elfaroonline.com.ar\/index.php\/wp-json\/wp\/v2\/categories?post=2763"},{"taxonomy":"post_tag","embeddable":true,"href":"https:\/\/elfaroonline.com.ar\/index.php\/wp-json\/wp\/v2\/tags?post=2763"}],"curies":[{"name":"wp","href":"https:\/\/api.w.org\/{rel}","templated":true}]}}