{"id":2766,"date":"2024-10-25T15:34:32","date_gmt":"2024-10-25T18:34:32","guid":{"rendered":"https:\/\/elfaroonline.com.ar\/?p=2766"},"modified":"2024-10-25T15:34:32","modified_gmt":"2024-10-25T18:34:32","slug":"el-gobierno-prohibio-los-cargos-hereditarios-en-la-administracion-publica","status":"publish","type":"post","link":"https:\/\/elfaroonline.com.ar\/index.php\/2024\/10\/25\/el-gobierno-prohibio-los-cargos-hereditarios-en-la-administracion-publica\/","title":{"rendered":"El Gobierno prohibi\u00f3 los cargos hereditarios en la administraci\u00f3n p\u00fablica"},"content":{"rendered":"<p>Manuel Adorni y Federico Sturzenegger anunciaron que los familiares y c\u00f3nyuges de empleados fallecidos no podr\u00e1n cubrir las vacantes como suced\u00eda hasta ahora en diversos organismos.<\/p>\n<ul class=\"list\" data-icon=\"\u2b24\">\n<li data-icon=\"\u2b24\">La medida apunta a priorizar la meritocracia y reducir la estructura del Estado.<\/li>\n<\/ul>\n<p class=\"paragraph\" data-mrf-recirculation=\"Links inline\"><b>Lo esencial: <\/b>el Gobierno, a trav\u00e9s de una resoluci\u00f3n anunciada por el vocero presidencial <b>Manuel Adorni<\/b> y el ministro de Desregulaci\u00f3n y Modernizaci\u00f3n <b>Federico Sturzenegger<\/b>, prohibi\u00f3 la asignaci\u00f3n hereditaria de cargos en la administraci\u00f3n p\u00fablica. Hasta ahora, esta pr\u00e1ctica permit\u00eda que familiares o c\u00f3nyuges de empleados fallecidos accedieran a sus puestos de trabajo en organismos como la <b>AFIP<\/b>, <b>Banco Central<\/b> y <b>Banco Naci\u00f3n<\/b>.<\/p>\n<p data-mrf-recirculation=\"Links inline\">Seg\u00fan el comunicado, esta medida profundiza la pol\u00edtica de reducci\u00f3n del Estado, que ha incluido un recorte del 15% de la plantilla p\u00fablica y el impulso de jubilaciones. La prohibici\u00f3n incluye controles sobre convenios sindicales que intenten incluir estos beneficios.<\/p>\n<p data-mrf-recirculation=\"Links inline\"><b>Por qu\u00e9 importa: <\/b>este cambio busca terminar con los privilegios que colocaban a empleados estatales por encima de otros trabajadores, promoviendo el acceso a cargos p\u00fablicos solo por m\u00e9rito. La decisi\u00f3n reabre el debate sobre la igualdad de oportunidades y la eficiencia en la administraci\u00f3n p\u00fablica.<\/p>\n<ul class=\"list\" data-icon=\"\u2b24\">\n<li data-icon=\"\u2b24\">El gobierno asegura que la medida responde a principios de igualdad establecidos en la <b>Constituci\u00f3n Nacional<\/b>.<\/li>\n<li data-icon=\"\u2b24\">Afecta a instituciones en todos los niveles, eliminando pr\u00e1cticas medievales de \u201ccasta laboral\u201d.<\/li>\n<li data-icon=\"\u2b24\">Refuerza la pol\u00edtica gubernamental de reducir la planta estatal y racionalizar su funcionamiento.<\/li>\n<li data-icon=\"\u2b24\">\n<p class=\"paragraph\" data-mrf-recirculation=\"Links inline\">Adorni record\u00f3 que esta facultad, desterrada durante el gobierno de Mauricio Macri y vuelta a instaurar por la gesti\u00f3n de Alberto Fern\u00e1ndez, estaba expl\u00edcitamente incluida en estatutos y reglamentos de la AFIP, el Banco Central y el Banco Naci\u00f3n -entre otros organismos del Estado-.<\/p>\n<p class=\"paragraph\" data-mrf-recirculation=\"Links inline\">\u201c<b>El delirio que se est\u00e1 sepultando hoy es parte de la misma l\u00f3gica que reinaba en la Argentina hasta el 10 de diciembre<\/b>\u201d, dijo el vocero presidencial. A partir de ahora, los cargos se asignar\u00e1n por m\u00e9rito y esfuerzo. \u201c<b>En esta Argentina, nadie tiene sangre azul<\/b>\u201d, agreg\u00f3.<\/p>\n<p class=\"paragraph\" data-mrf-recirculation=\"Links inline\">De acuerdo con un comunicado enviado por la cartera de Sturzenegger, con esta medida, \u201cse profundiza la estrategia de racionalizaci\u00f3n del tama\u00f1o del Estado, que ya logr\u00f3 el recorte del 15% de la planta del personal p\u00fablico y la intimaci\u00f3n para que se jubilen sin demoras aquellos empleados que est\u00e1n en edad de retiro\u201d.<\/p>\n<p class=\"paragraph\" data-mrf-recirculation=\"Links inline\">\u201cEste il\u00f3gico privilegio coloc\u00f3 a los empleados p\u00fablicos por encima del resto de los trabajadores de la Argentina. Pero, de ahora en m\u00e1s, quien ocupe un puesto en el Estado ser\u00e1 elegido solamente por su idoneidad. Para decirlo con claridad, nunca deber\u00edan haber existido estas ventajas, porque la propia Constituci\u00f3n Nacional estableci\u00f3 en su art\u00edculo 16 que \u00b4la Naci\u00f3n Argentina no admite prerrogativas de sangre, ni de nacimiento: no hay en ella fueros personales ni t\u00edtulos de nobleza. Todos sus habitantes son iguales ante la ley, y admisibles en los empleos sin otra condici\u00f3n que la idoneidad\u00b4\u201d, se\u00f1al\u00f3 el parte de prensa.<\/p>\n<p class=\"paragraph\" data-mrf-recirculation=\"Links inline\">El comunicado remarc\u00f3 adem\u00e1s que la pr\u00e1ctica de heredar cargos p\u00fablicos se mantuvo en varias instancias del Estado y que aunque hubo intentos previos para erradicarla, la costumbre fue restaurada. \u201cEn 2018, el Banco Central hab\u00eda eliminado esta posibilidad, pero en 2022 fue reintroducida en el estatuto de ese organismo\u201d, reafirmaron desde el ministerio que dirige Sturzenegger, y aclararon: \u201cHoy en d\u00eda, tanto en niveles nacional, provincial como municipal existen normas que consolidan esta herencia de cargos p\u00fablicos, especialmente mediante convenios colectivos\u201d.<\/p>\n<\/li>\n<li data-icon=\"\u2b24\">\n<div class=\"headline-wrapper\">\n<h2 class=\"header headline-class-h2\">Implementaci\u00f3n y controles<\/h2>\n<\/div>\n<p class=\"paragraph\" data-mrf-recirculation=\"Links inline\">Con el nuevo decreto, la Secretar\u00eda de Trabajo no homologar\u00e1 ninguna convenci\u00f3n colectiva de trabajo que incluya beneficios de este tipo. Esto significa que los acuerdos sindicales deber\u00e1n ajustarse para eliminar estas prebendas si desean recibir la validaci\u00f3n oficial, adelant\u00f3 el Gobierno.<\/p>\n<p class=\"paragraph\" data-mrf-recirculation=\"Links inline\">Los ejemplos de convenios que incluyen beneficios hereditarios son numerosos en la administraci\u00f3n p\u00fablica nacional, y en muchos casos, est\u00e1n profundamente arraigados en los estatutos de distintos organismos.<\/p>\n<p class=\"paragraph\" data-mrf-recirculation=\"Links inline\">Ejemplos claros de esta pr\u00e1ctica se encuentran en diversos organismos: en la Administraci\u00f3n Federal de Ingresos P\u00fablicos (AFIP), donde la designaci\u00f3n de un hijo o c\u00f3nyuge de un agente fallecido puede realizarse de inmediato. ANSES otorga prioridad en el ingreso a familiares de empleados fallecidos, y en el Banco Naci\u00f3n, el Banco Central y YPF tambi\u00e9n existen disposiciones para el ingreso de hijos de empleados fallecidos o retirados, repas\u00f3 el comunicado.<\/p>\n<p class=\"paragraph\" data-mrf-recirculation=\"Links inline\">Tambi\u00e9n Ferrocarriles Argentinos, a trav\u00e9s de la Uni\u00f3n Ferroviaria, permite que familiares de empleados fallecidos, jubilados o retirados puedan postularse a cargos, siempre que cumplan con los requisitos del puesto.<\/p>\n<\/li>\n<\/ul>\n","protected":false},"excerpt":{"rendered":"<p>Manuel Adorni y Federico Sturzenegger anunciaron que los familiares y c\u00f3nyuges de empleados fallecidos no podr\u00e1n cubrir las vacantes como suced\u00eda hasta ahora en diversos organismos. La medida apunta a priorizar la meritocracia y reducir la estructura del Estado. Lo esencial: el Gobierno, a trav\u00e9s de una resoluci\u00f3n anunciada por el vocero presidencial Manuel Adorni [&hellip;]<\/p>\n","protected":false},"author":2,"featured_media":2768,"comment_status":"open","ping_status":"open","sticky":false,"template":"","format":"standard","meta":{"footnotes":""},"categories":[22],"tags":[],"class_list":{"0":"post-2766","1":"post","2":"type-post","3":"status-publish","4":"format-standard","5":"has-post-thumbnail","7":"category-nacionales"},"aioseo_notices":[],"_links":{"self":[{"href":"https:\/\/elfaroonline.com.ar\/index.php\/wp-json\/wp\/v2\/posts\/2766","targetHints":{"allow":["GET"]}}],"collection":[{"href":"https:\/\/elfaroonline.com.ar\/index.php\/wp-json\/wp\/v2\/posts"}],"about":[{"href":"https:\/\/elfaroonline.com.ar\/index.php\/wp-json\/wp\/v2\/types\/post"}],"author":[{"embeddable":true,"href":"https:\/\/elfaroonline.com.ar\/index.php\/wp-json\/wp\/v2\/users\/2"}],"replies":[{"embeddable":true,"href":"https:\/\/elfaroonline.com.ar\/index.php\/wp-json\/wp\/v2\/comments?post=2766"}],"version-history":[{"count":2,"href":"https:\/\/elfaroonline.com.ar\/index.php\/wp-json\/wp\/v2\/posts\/2766\/revisions"}],"predecessor-version":[{"id":2769,"href":"https:\/\/elfaroonline.com.ar\/index.php\/wp-json\/wp\/v2\/posts\/2766\/revisions\/2769"}],"wp:featuredmedia":[{"embeddable":true,"href":"https:\/\/elfaroonline.com.ar\/index.php\/wp-json\/wp\/v2\/media\/2768"}],"wp:attachment":[{"href":"https:\/\/elfaroonline.com.ar\/index.php\/wp-json\/wp\/v2\/media?parent=2766"}],"wp:term":[{"taxonomy":"category","embeddable":true,"href":"https:\/\/elfaroonline.com.ar\/index.php\/wp-json\/wp\/v2\/categories?post=2766"},{"taxonomy":"post_tag","embeddable":true,"href":"https:\/\/elfaroonline.com.ar\/index.php\/wp-json\/wp\/v2\/tags?post=2766"}],"curies":[{"name":"wp","href":"https:\/\/api.w.org\/{rel}","templated":true}]}}