{"id":277,"date":"2024-04-16T19:04:10","date_gmt":"2024-04-16T22:04:10","guid":{"rendered":"https:\/\/elfaroonline.com.ar\/?p=277"},"modified":"2024-04-16T19:04:10","modified_gmt":"2024-04-16T22:04:10","slug":"hackearon-la-base-de-datos-de-licencias-de-conducir-contiene-casi-6-millones-de-registros-y-piden-usd-3000-para-devolverlas","status":"publish","type":"post","link":"https:\/\/elfaroonline.com.ar\/index.php\/2024\/04\/16\/hackearon-la-base-de-datos-de-licencias-de-conducir-contiene-casi-6-millones-de-registros-y-piden-usd-3000-para-devolverlas\/","title":{"rendered":"Hackearon la base de datos de licencias de conducir: contiene casi 6 millones de registros y piden USD 3000 para devolverlas"},"content":{"rendered":"<p>Tras la <b>filtraci\u00f3n <\/b>de una base con cerca de <b>6 millones<\/b> de archivos con im\u00e1genes y datos de<b>licencias de conducir<\/b>, el Gobierno confirm\u00f3 el hackeo y asegur\u00f3 que <b>no hay <\/b>\u201c<b>informaci\u00f3n sensible comprometida<\/b>\u201d. A trav\u00e9s de un comunicado de la <b>Agencia Nacional de Seguridad Vial<\/b> (ANSV), se detall\u00f3 se trat\u00f3 de un grupo de \u201c<b>hackers profesionales<\/b>\u201d que accedi\u00f3 a un \u201c<b>caudal acotado<\/b>\u201d de informaci\u00f3n que se utiliza para la confecci\u00f3n de las Licencias Digitales.<\/p>\n<p class=\"paragraph\" data-mrf-recirculation=\"Links inline\">Conforme pudo conocer este medio, se trat\u00f3 de un hackeo que accedi\u00f3 a una parte de la base de datos que almacena informaci\u00f3n sobre Licencia Nacional de Conducir. Tras concretar el ciberdelito, el hacker <b>public\u00f3 en la aplicaci\u00f3n Telegram los archivos<\/b> para comercializarlos. Para acceder a los datos sustra\u00eddos, se ped\u00eda en torno a<b> USD 3000<\/b>.<\/p>\n<p class=\"paragraph\" data-mrf-recirculation=\"Links inline\">No obstante, dentro de los datos filtrados, sobresale informaci\u00f3n de los registros de conducir de personalidades del mundo del espect\u00e1culo y tambi\u00e9n pol\u00edticos. Entre ellos, el propio presidente de la Naci\u00f3n, <b>Javier Milei<\/b>, <b>Luis Petri<\/b>, ministro de Defensa, y<b> Patricia Bullrich<\/b>, titular de la cartera de Seguridad. Mientras que dentro de los famosos sobresalen nombres como los de<b> Guillermo Francella<\/b>, <b>Chino Dar\u00edn<\/b>, Marcelo Tinelli, Tini Stoessel y Peter Lanzani.<\/p>\n<p class=\"paragraph\" data-mrf-recirculation=\"Links inline\">Seg\u00fan consign\u00f3 el grupo de Hackers en un mensaje que difundieron en ingl\u00e9s, la responsabilidad de la filtraci\u00f3n corresponde al Jefe de Estado. \u201c<b>Al presidente Milei no le interesa tener un plan de ciber seguridad, como en otros pa\u00edses del mundo<\/b>\u201d, expresa la comunicaci\u00f3n.<\/p>\n<div class=\"news-module\" data-mrf-recirculation=\"IL_wv5lqF4aQ7G5etrMMyn62Q\" data-testid=\"text-html\" data-mrf-experience=\"IL_wv5lqF4aQ7G5etrMMyn62Q\">\n<div class=\"recommended-card__info\">\n<p class=\"paragraph\" data-mrf-recirculation=\"Links inline\">La filtraci\u00f3n sali\u00f3 a la luz p\u00fablica a trav\u00e9s de un informe de la empresa del Reino Unido <b>BCA LTD<\/b>, especializada en cibern\u00e9tica, cybercrimen, y amenazas digitales. Con los datos sustra\u00eddos, el grupo de hackers public\u00f3 fotos, los n\u00fameros de DNI, los domicilios y hasta el grupo sangu\u00edneo.<\/p>\n<p class=\"paragraph\" data-mrf-recirculation=\"Links inline\">Respecto al robo que hab\u00eda sufrido la otra dependencia del Estado Nacional que almacena datos personales de ciudadanos argentinos, el 3 de abril se conoci\u00f3 que se subieron a un foro de compra-venta de datos personales y en Telegram los datos de un archivo con <b>116.459 fotos de ciudadanos <\/b>de Argentina que le hab\u00edan sido sustra\u00eddos al Renaper en 2021.<\/p>\n<p class=\"paragraph\" data-mrf-recirculation=\"Links inline\">Por ese robo al Renaper de hace dos a\u00f1o, se abri\u00f3 un expediente a partir de una demanda penal. La investigaci\u00f3n tramita en el Juzgado en lo Criminal y Correccional Federal N\u00b0 11. A\u00fan no se determin\u00f3 si el delito fue cometido por la persona due\u00f1a de ese usuario o si alguien externo rob\u00f3 el usuario y la contrase\u00f1a que aplican las diferentes entidades p\u00fablicas con acceso a conectarse y consultar la base de ese organismo.<\/p>\n<p class=\"paragraph\" data-mrf-recirculation=\"Links inline\">En relaci\u00f3n con la filtraci\u00f3n a la ANSV que se conoci\u00f3 hoy, el Gobierno no defini\u00f3 a\u00fan si iniciar\u00e1 en lo inmediato alguna demanda para solicitar una investigaci\u00f3n judicial. Mientras tanto, Direcci\u00f3n Nacional de Ciberseguridad ya intervino y eval\u00faa que medidas tomar.<\/p>\n<\/div>\n<\/div>\n","protected":false},"excerpt":{"rendered":"<p>Tras la filtraci\u00f3n de una base con cerca de 6 millones de archivos con im\u00e1genes y datos delicencias de conducir, el Gobierno confirm\u00f3 el hackeo y asegur\u00f3 que no hay \u201cinformaci\u00f3n sensible comprometida\u201d. A trav\u00e9s de un comunicado de la Agencia Nacional de Seguridad Vial (ANSV), se detall\u00f3 se trat\u00f3 de un grupo de \u201chackers [&hellip;]<\/p>\n","protected":false},"author":2,"featured_media":278,"comment_status":"open","ping_status":"open","sticky":false,"template":"","format":"standard","meta":{"footnotes":""},"categories":[22],"tags":[],"class_list":{"0":"post-277","1":"post","2":"type-post","3":"status-publish","4":"format-standard","5":"has-post-thumbnail","7":"category-nacionales"},"aioseo_notices":[],"_links":{"self":[{"href":"https:\/\/elfaroonline.com.ar\/index.php\/wp-json\/wp\/v2\/posts\/277","targetHints":{"allow":["GET"]}}],"collection":[{"href":"https:\/\/elfaroonline.com.ar\/index.php\/wp-json\/wp\/v2\/posts"}],"about":[{"href":"https:\/\/elfaroonline.com.ar\/index.php\/wp-json\/wp\/v2\/types\/post"}],"author":[{"embeddable":true,"href":"https:\/\/elfaroonline.com.ar\/index.php\/wp-json\/wp\/v2\/users\/2"}],"replies":[{"embeddable":true,"href":"https:\/\/elfaroonline.com.ar\/index.php\/wp-json\/wp\/v2\/comments?post=277"}],"version-history":[{"count":1,"href":"https:\/\/elfaroonline.com.ar\/index.php\/wp-json\/wp\/v2\/posts\/277\/revisions"}],"predecessor-version":[{"id":279,"href":"https:\/\/elfaroonline.com.ar\/index.php\/wp-json\/wp\/v2\/posts\/277\/revisions\/279"}],"wp:featuredmedia":[{"embeddable":true,"href":"https:\/\/elfaroonline.com.ar\/index.php\/wp-json\/wp\/v2\/media\/278"}],"wp:attachment":[{"href":"https:\/\/elfaroonline.com.ar\/index.php\/wp-json\/wp\/v2\/media?parent=277"}],"wp:term":[{"taxonomy":"category","embeddable":true,"href":"https:\/\/elfaroonline.com.ar\/index.php\/wp-json\/wp\/v2\/categories?post=277"},{"taxonomy":"post_tag","embeddable":true,"href":"https:\/\/elfaroonline.com.ar\/index.php\/wp-json\/wp\/v2\/tags?post=277"}],"curies":[{"name":"wp","href":"https:\/\/api.w.org\/{rel}","templated":true}]}}