{"id":2770,"date":"2024-10-25T15:38:25","date_gmt":"2024-10-25T18:38:25","guid":{"rendered":"https:\/\/elfaroonline.com.ar\/?p=2770"},"modified":"2024-10-25T15:38:25","modified_gmt":"2024-10-25T18:38:25","slug":"el-gobierno-argentino-revelo-la-identidad-y-una-imagen-del-jefe-operativo-de-hezbollah-en-america-latina","status":"publish","type":"post","link":"https:\/\/elfaroonline.com.ar\/index.php\/2024\/10\/25\/el-gobierno-argentino-revelo-la-identidad-y-una-imagen-del-jefe-operativo-de-hezbollah-en-america-latina\/","title":{"rendered":"El gobierno argentino revel\u00f3 la identidad y una imagen del jefe operativo de Hezbollah en Am\u00e9rica Latina"},"content":{"rendered":"<p>El gobierno argentino revel\u00f3 hoy la identidad de <b>jefe operativo del grupo terrorista Hezbollah<\/b> en Am\u00e9rica Latina. Se trata de <b>Hussein Ahmad Karaki, <\/b>quien est\u00e1 acusado de operaciones de reclutamiento y planificaci\u00f3n de numerosas acciones terroristas, entre las que se destacan los atentados de la AMIA y la Embajada de Israel en Buenos Aires. Concretamente, el informe de inteligencia destaca que <b>estuvo en Buenos Aires el d\u00eda del atentado a la Embajada, el 17 de marzo de 1992,<\/b> <b>y se fue del pa\u00eds horas antes de la explosi\u00f3n con un pasaporte colombiano.<\/b><\/p>\n<p class=\"paragraph\" data-mrf-recirculation=\"Links inline\">Adem\u00e1s de revelar la identidad de Karakai, el gobierno le entreg\u00f3 a la Fiscal\u00eda a cargo de la investigaci\u00f3n por el atentado a la AMIA y al juez Daniel Rafecas, a cargo de la causa, im\u00e1genes del terrorista<b>. Esas fotos ser\u00edan de 2004, cuando la dictadura venezolana le otorg\u00f3 un documento bajo el nombre de David Assi. <\/b><\/p>\n<div class=\"inline ad-wrapper\">\n<div class=\"dfpAd ad-inline\"><\/div>\n<\/div>\n<p class=\"paragraph\" data-mrf-recirculation=\"Links inline\">En esos tr\u00e1mites migratorios aparece registrado como nacido el 2\/6\/1968 y un documento n\u00famero 26458379. La documentaci\u00f3n lleva la firma de una funcionaria venezolana, Mar\u00eda Guillen.<\/p>\n<p class=\"paragraph\" data-mrf-recirculation=\"Links inline\">Actualmente, Karaki estar\u00eda en el L\u00edbano, como otros de los acusados por los atentados en la Argentina.<\/p>\n<p class=\"paragraph\" data-mrf-recirculation=\"Links inline\">El informe, al que tuvo acceso<b> Infobae<\/b>, revela que en 1992, Karaki estuvo en Buenos Aires y <b>compr\u00f3 el coche bomba utilizado en el atentado de la Embajada de Israel con un pasaporte colombiano a nombre de Alberto Le\u00f3n Nain. <\/b>\u201cSe fue ese mismo d\u00eda en avi\u00f3n, horas antes de la explosi\u00f3n. Sali\u00f3 desde el Aeroparque Jorge Newbery con rumbo a la ciudad de Foz do Iguaz\u00fa\u201d, revel\u00f3 la ministra de Seguridad de la Naci\u00f3n Patricia Bullrich.<\/p>\n<p class=\"paragraph\" data-mrf-recirculation=\"Links inline\">Tambi\u00e9n tuvo participaci\u00f3n activa en el atentado a la AMIA, pero todav\u00eda no hay pruebas que haya estado en ese momento en Buenos Aires. El informe asegura que Karaki \u201c<b>sali\u00f3 del radar\u201d de las agentes de inteligencia entre 1994 a 2000. <\/b><\/p>\n<p class=\"paragraph\" data-mrf-recirculation=\"Links inline\">A partir de ese a\u00f1o volvi\u00f3 a generar reclutamiento e infraestructura para llevar adelante atentados en la regi\u00f3n. Concretamente, se menciona su vinculaci\u00f3n con atentados frustrados en Colombia, Venezuela, Chile, Brasil y en Triple Frontera.<\/p>\n<p class=\"paragraph\" data-mrf-recirculation=\"Links inline\">El informe detalla esos atentados frustrados:<\/p>\n<p class=\"paragraph\" data-mrf-recirculation=\"Links inline\"><b>Colombia, junio de 2021: <\/b>las autoridades colombianas neutralizaron un posible intento de asesinato planificado por el r\u00e9gimen iran\u00ed en Bogot\u00e1. El objetivo era matar a dos empresarios israel\u00edes en Colombia. El complot involucraba un operador iran\u00ed, Rahmat Asadi, quien habr\u00eda reclutado a dos colombianos para llevar a cabo la operaci\u00f3n.<\/p>\n<p class=\"paragraph\" data-mrf-recirculation=\"Links inline\">Adem\u00e1s, se impidi\u00f3 un atentado contra un ex diplom\u00e1tico israel\u00ed en Colombia, que iba a ser perpetrado por miembros de la delincuencia organizada reclutada por un liban\u00e9s a las \u00f3rdenes de Hezbollah e Ir\u00e1n.<\/p>\n<p class=\"paragraph\" data-mrf-recirculation=\"Links inline\"><b>En Bolivia, se evit\u00f3 que vuelen un edificio con un auto bomba con un atentado de la misma envergadura que la AMIA. <\/b><\/p>\n<p class=\"paragraph\" data-mrf-recirculation=\"Links inline\"><b>Per\u00fa, marzo de 2024: <\/b>detuvieron a un iran\u00ed de nombre Azizi, que hab\u00eda reclutado a ex detenidos para atentar contra un emprendedor israel\u00ed.<\/p>\n<p class=\"paragraph\" data-mrf-recirculation=\"Links inline\">En 2023, la Polic\u00eda Federal de Brasil descubri\u00f3 una red de terrorismo internacional de Hezbollah, que converg\u00eda con narcotraficantes y miembros del crimen organizado, para realizar diversos atentados.<b> <\/b>Esta investigaci\u00f3n se conoci\u00f3 como \u201c<b>Operaci\u00f3n Trapiche<\/b>\u201d y tuve derivaciones en Argentina, donde hay una investigaci\u00f3n abierta.<\/p>\n","protected":false},"excerpt":{"rendered":"<p>El gobierno argentino revel\u00f3 hoy la identidad de jefe operativo del grupo terrorista Hezbollah en Am\u00e9rica Latina. Se trata de Hussein Ahmad Karaki, quien est\u00e1 acusado de operaciones de reclutamiento y planificaci\u00f3n de numerosas acciones terroristas, entre las que se destacan los atentados de la AMIA y la Embajada de Israel en Buenos Aires. Concretamente, [&hellip;]<\/p>\n","protected":false},"author":2,"featured_media":2771,"comment_status":"open","ping_status":"open","sticky":false,"template":"","format":"standard","meta":{"footnotes":""},"categories":[24],"tags":[],"class_list":{"0":"post-2770","1":"post","2":"type-post","3":"status-publish","4":"format-standard","5":"has-post-thumbnail","7":"category-mundo"},"aioseo_notices":[],"_links":{"self":[{"href":"https:\/\/elfaroonline.com.ar\/index.php\/wp-json\/wp\/v2\/posts\/2770","targetHints":{"allow":["GET"]}}],"collection":[{"href":"https:\/\/elfaroonline.com.ar\/index.php\/wp-json\/wp\/v2\/posts"}],"about":[{"href":"https:\/\/elfaroonline.com.ar\/index.php\/wp-json\/wp\/v2\/types\/post"}],"author":[{"embeddable":true,"href":"https:\/\/elfaroonline.com.ar\/index.php\/wp-json\/wp\/v2\/users\/2"}],"replies":[{"embeddable":true,"href":"https:\/\/elfaroonline.com.ar\/index.php\/wp-json\/wp\/v2\/comments?post=2770"}],"version-history":[{"count":1,"href":"https:\/\/elfaroonline.com.ar\/index.php\/wp-json\/wp\/v2\/posts\/2770\/revisions"}],"predecessor-version":[{"id":2772,"href":"https:\/\/elfaroonline.com.ar\/index.php\/wp-json\/wp\/v2\/posts\/2770\/revisions\/2772"}],"wp:featuredmedia":[{"embeddable":true,"href":"https:\/\/elfaroonline.com.ar\/index.php\/wp-json\/wp\/v2\/media\/2771"}],"wp:attachment":[{"href":"https:\/\/elfaroonline.com.ar\/index.php\/wp-json\/wp\/v2\/media?parent=2770"}],"wp:term":[{"taxonomy":"category","embeddable":true,"href":"https:\/\/elfaroonline.com.ar\/index.php\/wp-json\/wp\/v2\/categories?post=2770"},{"taxonomy":"post_tag","embeddable":true,"href":"https:\/\/elfaroonline.com.ar\/index.php\/wp-json\/wp\/v2\/tags?post=2770"}],"curies":[{"name":"wp","href":"https:\/\/api.w.org\/{rel}","templated":true}]}}