{"id":2777,"date":"2024-10-25T21:32:21","date_gmt":"2024-10-26T00:32:21","guid":{"rendered":"https:\/\/elfaroonline.com.ar\/?p=2777"},"modified":"2024-10-25T21:32:21","modified_gmt":"2024-10-26T00:32:21","slug":"catamarca-presente-en-el-consejo-federal-de-oficinas-de-asistencia-a-las-victimas-de-delitos","status":"publish","type":"post","link":"https:\/\/elfaroonline.com.ar\/index.php\/2024\/10\/25\/catamarca-presente-en-el-consejo-federal-de-oficinas-de-asistencia-a-las-victimas-de-delitos\/","title":{"rendered":"Catamarca, presente en el Consejo Federal de Oficinas de Asistencia a las V\u00edctimas de Delitos"},"content":{"rendered":"<p class=\"v1MsoNormal\">Recientemente en la Universidad de Buenos Aires (UBA), se llevaron a cabo las Jornadas Nacionales del Consejo Federal de Oficinas de Asistencia a las V\u00edctimas de Delitos. En la ocasi\u00f3n se eligieron nuevas autoridades. Catamarca fue representada por su consejera Elena Rodr\u00edguez, psic\u00f3loga de la Oficina que funciona en la \u00f3rbita del Ministerio de Gobierno, Justicia y Derechos Humanos.<\/p>\n<p class=\"v1MsoNormal\">En esta \u00faltima elecci\u00f3n, Rodr\u00edguez fue reelegida como secretaria ejecutiva de la Comisi\u00f3n Directiva del Consejo Federal para la gesti\u00f3n 2024-2026. La referente catamarque\u00f1a es consejera titular desde 2008. Durante la gesti\u00f3n 2013-2016 se desempe\u00f1\u00f3 como secretaria ejecutiva. Luego, fue nuevamente electa durante la gesti\u00f3n 2020-2024 y ahora volvi\u00f3 a ser electa.<\/p>\n<p class=\"v1MsoNormal\">&#8220;Las Oficinas de Asistencia a las V\u00edctimas de Delitos fueron creadas con el objetivo de mantener actualizados a los equipos t\u00e9cnicos de las oficinas de todo el pa\u00eds as\u00ed como tambi\u00e9n a la comunidad en general. Al mismo tiempo, se pretende lograr un intercambio profesional entre equipos t\u00e9cnicos de todo el pa\u00eds, con el fin de mejorar pr\u00e1cticas, protocolos y modos de funcionamiento institucional. Las jornadas se desarrollan una vez al a\u00f1o y buscan realizarse en diferentes provincias del pa\u00eds como una manera de mantener y consolidar el esp\u00edritu federal&#8221;, coment\u00f3.<\/p>\n<p class=\"v1MsoNormal\">\n<p class=\"v1MsoNormal\"><b>Autoridades<\/b><\/p>\n<p class=\"v1MsoNormal\">Presidenta<\/p>\n<p class=\"v1MsoNormal\">Alicia Salusso (C\u00f3rdoba)<\/p>\n<p class=\"v1MsoNormal\">Vicente presidenta<\/p>\n<p class=\"v1MsoNormal\">Teresa Bravo<\/p>\n<p class=\"v1MsoNormal\">Secretarios ejecutivos<\/p>\n<p class=\"v1MsoNormal\">Luis Amarfil (Chubut)<\/p>\n<p class=\"v1MsoNormal\">Elena Rodr\u00edguez (Catamarca)<\/p>\n","protected":false},"excerpt":{"rendered":"<p>Recientemente en la Universidad de Buenos Aires (UBA), se llevaron a cabo las Jornadas Nacionales del Consejo Federal de Oficinas de Asistencia a las V\u00edctimas de Delitos. En la ocasi\u00f3n se eligieron nuevas autoridades. Catamarca fue representada por su consejera Elena Rodr\u00edguez, psic\u00f3loga de la Oficina que funciona en la \u00f3rbita del Ministerio de Gobierno, [&hellip;]<\/p>\n","protected":false},"author":2,"featured_media":2778,"comment_status":"open","ping_status":"open","sticky":false,"template":"","format":"standard","meta":{"footnotes":""},"categories":[20],"tags":[],"class_list":{"0":"post-2777","1":"post","2":"type-post","3":"status-publish","4":"format-standard","5":"has-post-thumbnail","7":"category-sociedad"},"aioseo_notices":[],"_links":{"self":[{"href":"https:\/\/elfaroonline.com.ar\/index.php\/wp-json\/wp\/v2\/posts\/2777","targetHints":{"allow":["GET"]}}],"collection":[{"href":"https:\/\/elfaroonline.com.ar\/index.php\/wp-json\/wp\/v2\/posts"}],"about":[{"href":"https:\/\/elfaroonline.com.ar\/index.php\/wp-json\/wp\/v2\/types\/post"}],"author":[{"embeddable":true,"href":"https:\/\/elfaroonline.com.ar\/index.php\/wp-json\/wp\/v2\/users\/2"}],"replies":[{"embeddable":true,"href":"https:\/\/elfaroonline.com.ar\/index.php\/wp-json\/wp\/v2\/comments?post=2777"}],"version-history":[{"count":1,"href":"https:\/\/elfaroonline.com.ar\/index.php\/wp-json\/wp\/v2\/posts\/2777\/revisions"}],"predecessor-version":[{"id":2779,"href":"https:\/\/elfaroonline.com.ar\/index.php\/wp-json\/wp\/v2\/posts\/2777\/revisions\/2779"}],"wp:featuredmedia":[{"embeddable":true,"href":"https:\/\/elfaroonline.com.ar\/index.php\/wp-json\/wp\/v2\/media\/2778"}],"wp:attachment":[{"href":"https:\/\/elfaroonline.com.ar\/index.php\/wp-json\/wp\/v2\/media?parent=2777"}],"wp:term":[{"taxonomy":"category","embeddable":true,"href":"https:\/\/elfaroonline.com.ar\/index.php\/wp-json\/wp\/v2\/categories?post=2777"},{"taxonomy":"post_tag","embeddable":true,"href":"https:\/\/elfaroonline.com.ar\/index.php\/wp-json\/wp\/v2\/tags?post=2777"}],"curies":[{"name":"wp","href":"https:\/\/api.w.org\/{rel}","templated":true}]}}