{"id":2780,"date":"2024-10-25T21:55:37","date_gmt":"2024-10-26T00:55:37","guid":{"rendered":"https:\/\/elfaroonline.com.ar\/?p=2780"},"modified":"2024-10-25T21:55:37","modified_gmt":"2024-10-26T00:55:37","slug":"se-presento-el-relevamiento-deportivo-provincial-2024","status":"publish","type":"post","link":"https:\/\/elfaroonline.com.ar\/index.php\/2024\/10\/25\/se-presento-el-relevamiento-deportivo-provincial-2024\/","title":{"rendered":"Se present\u00f3 el Relevamiento Deportivo Provincial 2024"},"content":{"rendered":"<p>La Secretar\u00eda de Deportes y Recreaci\u00f3n, dependiente del Ministerio de Cultura, Turismo y Deporte, con el respaldo de la Subsecretar\u00eda de Estad\u00edstica y Censos, del Ministerio de Trabajo, Planificaci\u00f3n y Recursos Humanos, realiz\u00f3 este viernes el lanzamiento oficial del Relevamiento Deportivo Provincial 2024. El acto tuvo lugar en la Sala Ezequiel Soria y cont\u00f3 con la presencia del secretario de Deportes Guillermo Perna; del director de Rendimiento Deportivo Emiliano Salas Porta; de la subsecretaria de Estad\u00edstica y Censos Natalia Savio; Soledad Ayosa del equipo t\u00e9cnico de la Subsecretar\u00eda de Estad\u00edstica y Censos; adem\u00e1s de autoridades de municipalidades, de clubes, Federaciones, asociaciones, organizadores y deportistas; entre otros.<\/p>\n<p>Perna, titular de Deportes de la Provincia, remarc\u00f3 que con el Relevamiento Deportivo Provincial 2024: &#8220;Lo que buscamos es recopilar toda la informaci\u00f3n posible, hacer un an\u00e1lisis de toda esa informaci\u00f3n y lo mas importante es generar los programas adecuados para optimizar los recursos del Estado como corresponde&#8221;. Adem\u00e1s, consider\u00f3 importante &#8220;tener una planificaci\u00f3n real de parte de las federaciones, de las asociaciones, ya que necesitamos datos precisos para poder acompa\u00f1arlos como corresponde. Vamos a acompa\u00f1ar pero necesitamos que nos ayuden con la planificaci\u00f3n&#8221;. Tambi\u00e9n, destac\u00f3 que el Gobierno Provincial viene haciendo una gran inversi\u00f3n en infrastructura deportiva.<\/p>\n<p>En tanto que el director Salas Porta expres\u00f3: &#8220;El programa tiene como objetivo obtener una visi\u00f3n detallada y actualizada sobre el desarrollo y las necesidades actuales sobre el deporte de Catamarca. A trav\u00e9s de ello, crear iniciativas para mejoras de infraestructura y tambi\u00e9n mejorar la planificaci\u00f3n de eventos y competencias&#8221;.<\/p>\n<p><b>Detalles del programa<\/b><br \/>\nLa iniciativa apunta a compilar informaci\u00f3n detallada sobre el estado actual del deporte en Catamarca. El mismo engloba a m\u00e1s de 350 instituciones deportivas, organizaciones de eventos y deportistas que representen a la provincia en competencias nacionales e internacionales, y busca obtener una visi\u00f3n completa y actualizada de las necesidades y el desarrollo del deporte catamarque\u00f1o.<\/p>\n<p>Mediante los datos compilados se podr\u00e1n planificar pol\u00edticas m\u00e1s efectivas a implementar y \u00e1reas de mejora, que impulsen su crecimiento y el acompa\u00f1amiento integral a deportistas y organizadores.<\/p>\n<p>El relevamiento, seg\u00fan se inform\u00f3, se desarrollar\u00e1 de manera presencial en las distintas instituciones deportivas identificadas en toda la provincia, ya sean clubes, ligas, federaciones. Para la recolecci\u00f3n de datos habr\u00e1 dos zonas: la Central, con todas las instituciones en Capital, Valle Viejo y Fray Mamerto Esqui\u00fa, y la del Interior, con instituciones identificadas en las zonas Norte, Sur, Este y Oeste. Adem\u00e1s, los deportistas destacados y los organizadores de eventos ser\u00e1n convocados para la recopilaci\u00f3n de sus datos.<\/p>\n<p>Finalizada la fase de encuestas, se procesar\u00e1n y analizar\u00e1n los datos para presentar los resultados finales en el mes de diciembre.<\/p>\n","protected":false},"excerpt":{"rendered":"<p>La Secretar\u00eda de Deportes y Recreaci\u00f3n, dependiente del Ministerio de Cultura, Turismo y Deporte, con el respaldo de la Subsecretar\u00eda de Estad\u00edstica y Censos, del Ministerio de Trabajo, Planificaci\u00f3n y Recursos Humanos, realiz\u00f3 este viernes el lanzamiento oficial del Relevamiento Deportivo Provincial 2024. El acto tuvo lugar en la Sala Ezequiel Soria y cont\u00f3 con [&hellip;]<\/p>\n","protected":false},"author":2,"featured_media":2781,"comment_status":"open","ping_status":"open","sticky":false,"template":"","format":"standard","meta":{"footnotes":""},"categories":[25,23],"tags":[],"class_list":{"0":"post-2780","1":"post","2":"type-post","3":"status-publish","4":"format-standard","5":"has-post-thumbnail","7":"category-deportes","8":"category-destacados"},"aioseo_notices":[],"_links":{"self":[{"href":"https:\/\/elfaroonline.com.ar\/index.php\/wp-json\/wp\/v2\/posts\/2780","targetHints":{"allow":["GET"]}}],"collection":[{"href":"https:\/\/elfaroonline.com.ar\/index.php\/wp-json\/wp\/v2\/posts"}],"about":[{"href":"https:\/\/elfaroonline.com.ar\/index.php\/wp-json\/wp\/v2\/types\/post"}],"author":[{"embeddable":true,"href":"https:\/\/elfaroonline.com.ar\/index.php\/wp-json\/wp\/v2\/users\/2"}],"replies":[{"embeddable":true,"href":"https:\/\/elfaroonline.com.ar\/index.php\/wp-json\/wp\/v2\/comments?post=2780"}],"version-history":[{"count":1,"href":"https:\/\/elfaroonline.com.ar\/index.php\/wp-json\/wp\/v2\/posts\/2780\/revisions"}],"predecessor-version":[{"id":2782,"href":"https:\/\/elfaroonline.com.ar\/index.php\/wp-json\/wp\/v2\/posts\/2780\/revisions\/2782"}],"wp:featuredmedia":[{"embeddable":true,"href":"https:\/\/elfaroonline.com.ar\/index.php\/wp-json\/wp\/v2\/media\/2781"}],"wp:attachment":[{"href":"https:\/\/elfaroonline.com.ar\/index.php\/wp-json\/wp\/v2\/media?parent=2780"}],"wp:term":[{"taxonomy":"category","embeddable":true,"href":"https:\/\/elfaroonline.com.ar\/index.php\/wp-json\/wp\/v2\/categories?post=2780"},{"taxonomy":"post_tag","embeddable":true,"href":"https:\/\/elfaroonline.com.ar\/index.php\/wp-json\/wp\/v2\/tags?post=2780"}],"curies":[{"name":"wp","href":"https:\/\/api.w.org\/{rel}","templated":true}]}}