{"id":2784,"date":"2024-10-28T07:30:15","date_gmt":"2024-10-28T10:30:15","guid":{"rendered":"https:\/\/elfaroonline.com.ar\/?p=2784"},"modified":"2024-10-28T07:30:15","modified_gmt":"2024-10-28T10:30:15","slug":"se-inauguro-en-fiambala-el-nuevo-puente-vial-que-lleva-a-las-termas","status":"publish","type":"post","link":"https:\/\/elfaroonline.com.ar\/index.php\/2024\/10\/28\/se-inauguro-en-fiambala-el-nuevo-puente-vial-que-lleva-a-las-termas\/","title":{"rendered":"Se inaugur\u00f3 en Fiambal\u00e1 el nuevo puente vial que lleva a Las Termas"},"content":{"rendered":"<p class=\"v1MsoNormal\">En medio del caracter\u00edstico viento de Fiambal\u00e1, el gobernador Ra\u00fal Jalil dej\u00f3 inaugurado el esperado puente sobre el r\u00edo Los \u00c1rboles. Una construcci\u00f3n de suma utilidad para mejorar la conectividad entre Fiambal\u00e1 y Las Termas. Este proyecto, largamente demandado por la poblaci\u00f3n, permitir\u00e1 el tr\u00e1nsito seguro durante todo el a\u00f1o, eliminando los problemas que ocasionaban las crecientes del r\u00edo, que en diversas ocasiones aislaban la zona.<\/p>\n<p class=\"v1MsoNormal\">El puente, con una longitud de 75 metros, cuenta con veredas peatonales y sistemas de defensa avanzados en el lecho del r\u00edo, que incluyen gaviones destinados a proteger las bases de las estructuras. Estas caracter\u00edsticas dotan al puente de una infraestructura moderna, permitiendo de esta manera tener un acceso seguro para los visitantes a las Termas de Fiambal\u00e1, un lugar emblem\u00e1tico para el turismo local.<\/p>\n<p class=\"v1MsoNormal\">Participaron de la inauguraci\u00f3n el intendente anfitri\u00f3n, Ra\u00fal \u00dasqueda; los diputados nacionales Sebasti\u00e1n N\u00f3blega y Dante L\u00f3pez Rodr\u00edguez; el ministro de Infraestructura y Obras Civiles, Juan Marchetti; entre otras autoridades provinciales y municipales.<\/p>\n<p class=\"v1MsoNormal\">El gobernador Ra\u00fal Jalil expres\u00f3 su satisfacci\u00f3n por el avance de esta y otras obras en Fiambal\u00e1, subrayando el crecimiento en sectores como el turismo, la miner\u00eda, la agroindustria y las econom\u00edas del conocimiento. &#8220;Estamos muy contentos de ver c\u00f3mo est\u00e1 cambiando y creciendo Fiambal\u00e1&#8221;, indic\u00f3. Adem\u00e1s, agradeci\u00f3 el trabajo conjunto y destac\u00f3: &#8220;Somos un equipo que trabaja para los catamarque\u00f1os y los fiambalenses sin importar el color pol\u00edtico&#8221;.<\/p>\n<p class=\"v1MsoNormal\">En su alocuci\u00f3n, el intendente Ra\u00fal Usqueda destac\u00f3 el significado de la obra para la comunidad local y el turismo: &#8220;Hoy es un d\u00eda muy especial para los fiambalenses y para el turismo en general el poder estar inaugurando esta gran obra&#8221;. Agradeci\u00f3 al gobernador Ra\u00fal Jalil, se\u00f1alando que &#8220;cada pedido que hacemos los fiambalenses nos escucha, por tener ese di\u00e1logo, y creo que ese es el camino para seguir trabajando en conjunto para el desarrollo y crecimiento de todos&#8221;.<\/p>\n","protected":false},"excerpt":{"rendered":"<p>En medio del caracter\u00edstico viento de Fiambal\u00e1, el gobernador Ra\u00fal Jalil dej\u00f3 inaugurado el esperado puente sobre el r\u00edo Los \u00c1rboles. Una construcci\u00f3n de suma utilidad para mejorar la conectividad entre Fiambal\u00e1 y Las Termas. Este proyecto, largamente demandado por la poblaci\u00f3n, permitir\u00e1 el tr\u00e1nsito seguro durante todo el a\u00f1o, eliminando los problemas que ocasionaban [&hellip;]<\/p>\n","protected":false},"author":2,"featured_media":2785,"comment_status":"open","ping_status":"open","sticky":false,"template":"","format":"standard","meta":{"footnotes":""},"categories":[23,21],"tags":[],"class_list":{"0":"post-2784","1":"post","2":"type-post","3":"status-publish","4":"format-standard","5":"has-post-thumbnail","7":"category-destacados","8":"category-politica"},"aioseo_notices":[],"_links":{"self":[{"href":"https:\/\/elfaroonline.com.ar\/index.php\/wp-json\/wp\/v2\/posts\/2784","targetHints":{"allow":["GET"]}}],"collection":[{"href":"https:\/\/elfaroonline.com.ar\/index.php\/wp-json\/wp\/v2\/posts"}],"about":[{"href":"https:\/\/elfaroonline.com.ar\/index.php\/wp-json\/wp\/v2\/types\/post"}],"author":[{"embeddable":true,"href":"https:\/\/elfaroonline.com.ar\/index.php\/wp-json\/wp\/v2\/users\/2"}],"replies":[{"embeddable":true,"href":"https:\/\/elfaroonline.com.ar\/index.php\/wp-json\/wp\/v2\/comments?post=2784"}],"version-history":[{"count":2,"href":"https:\/\/elfaroonline.com.ar\/index.php\/wp-json\/wp\/v2\/posts\/2784\/revisions"}],"predecessor-version":[{"id":2806,"href":"https:\/\/elfaroonline.com.ar\/index.php\/wp-json\/wp\/v2\/posts\/2784\/revisions\/2806"}],"wp:featuredmedia":[{"embeddable":true,"href":"https:\/\/elfaroonline.com.ar\/index.php\/wp-json\/wp\/v2\/media\/2785"}],"wp:attachment":[{"href":"https:\/\/elfaroonline.com.ar\/index.php\/wp-json\/wp\/v2\/media?parent=2784"}],"wp:term":[{"taxonomy":"category","embeddable":true,"href":"https:\/\/elfaroonline.com.ar\/index.php\/wp-json\/wp\/v2\/categories?post=2784"},{"taxonomy":"post_tag","embeddable":true,"href":"https:\/\/elfaroonline.com.ar\/index.php\/wp-json\/wp\/v2\/tags?post=2784"}],"curies":[{"name":"wp","href":"https:\/\/api.w.org\/{rel}","templated":true}]}}