{"id":2787,"date":"2024-10-28T07:30:37","date_gmt":"2024-10-28T10:30:37","guid":{"rendered":"https:\/\/elfaroonline.com.ar\/?p=2787"},"modified":"2024-10-28T07:30:37","modified_gmt":"2024-10-28T10:30:37","slug":"el-gobierno-entrego-el-plan-de-ordenamiento-territorial-a-fiambala","status":"publish","type":"post","link":"https:\/\/elfaroonline.com.ar\/index.php\/2024\/10\/28\/el-gobierno-entrego-el-plan-de-ordenamiento-territorial-a-fiambala\/","title":{"rendered":"El Gobierno entreg\u00f3 el Plan de Ordenamiento Territorial a Fiambal\u00e1"},"content":{"rendered":"<p class=\"v1MsoNormal\"><i>A trav\u00e9s del Ministerio de Trabajo, Planificaci\u00f3n y Recursos Humanos.<\/i><\/p>\n<p class=\"v1MsoNormal\">Fiambal\u00e1 recibi\u00f3 su Plan de Ordenamiento Territorial (POT), una herramienta fundamental para promover un desarrollo sostenible. La entrega formal fue realizada por el Ministerio de Trabajo, Planificaci\u00f3n y Recursos Humanos de Catamarca, en colaboraci\u00f3n con el Consejo Federal de Inversiones (CFI) y la Universidad Nacional de Catamarca. Este plan refleja el compromiso del gobierno provincial con un crecimiento ordenado que beneficie a todas las comunidades y es fruto de un trabajo conjunto entre el equipo t\u00e9cnico y los habitantes de Fiambal\u00e1, quienes contribuyeron a definir las prioridades locales.<\/p>\n<p class=\"v1MsoNormal\">La ministra de Trabajo, Planificaci\u00f3n y Recursos Humanos, Ver\u00f3nica Soria, subray\u00f3 la relevancia de este plan en la construcci\u00f3n de una visi\u00f3n integral de la regi\u00f3n. &#8220;Este Plan de Ordenamiento Territorial simboliza nuestro compromiso con el desarrollo de Fiambal\u00e1, respetando su identidad y sus recursos, y proyectando un modelo que responde a las necesidades y aspiraciones de sus habitantes, apuntando a construir un crecimiento ordenado y sostenible del territorio, potenciando su identidad cultural y desarrollo local.&#8221;, expres\u00f3 Soria.<\/p>\n<p class=\"v1MsoNormal\">El POT plantea un enfoque a largo plazo que integra aspectos sociales, econ\u00f3micos, ambientales y de infraestructura, involucrando a la comunidad en la definici\u00f3n de un &#8220;Territorio Deseado&#8221; que promueva el arraigo, la preservaci\u00f3n de tradiciones y la mejora en la calidad de vida de sus pobladores. Entre los principales desaf\u00edos, se destacan la mejora de la conectividad y la gesti\u00f3n de recursos naturales, claves para el desarrollo de la zona.<\/p>\n<p class=\"v1MsoNormal\">Durante la elaboraci\u00f3n del plan, se prioriz\u00f3 la participaci\u00f3n activa de todos los sectores de la comunidad mediante talleres y reuniones, donde los ciudadanos compartieron sus ideas y preocupaciones, con el prop\u00f3sito de enfocarse en el desarrollo local de Fiambal\u00e1, promoviendo un modelo sostenible que fortalezca la econom\u00eda local y preserve el patrimonio cultural.<\/p>\n","protected":false},"excerpt":{"rendered":"<p>A trav\u00e9s del Ministerio de Trabajo, Planificaci\u00f3n y Recursos Humanos. Fiambal\u00e1 recibi\u00f3 su Plan de Ordenamiento Territorial (POT), una herramienta fundamental para promover un desarrollo sostenible. La entrega formal fue realizada por el Ministerio de Trabajo, Planificaci\u00f3n y Recursos Humanos de Catamarca, en colaboraci\u00f3n con el Consejo Federal de Inversiones (CFI) y la Universidad Nacional [&hellip;]<\/p>\n","protected":false},"author":2,"featured_media":2788,"comment_status":"open","ping_status":"open","sticky":false,"template":"","format":"standard","meta":{"footnotes":""},"categories":[23,20],"tags":[],"class_list":{"0":"post-2787","1":"post","2":"type-post","3":"status-publish","4":"format-standard","5":"has-post-thumbnail","7":"category-destacados","8":"category-sociedad"},"aioseo_notices":[],"_links":{"self":[{"href":"https:\/\/elfaroonline.com.ar\/index.php\/wp-json\/wp\/v2\/posts\/2787","targetHints":{"allow":["GET"]}}],"collection":[{"href":"https:\/\/elfaroonline.com.ar\/index.php\/wp-json\/wp\/v2\/posts"}],"about":[{"href":"https:\/\/elfaroonline.com.ar\/index.php\/wp-json\/wp\/v2\/types\/post"}],"author":[{"embeddable":true,"href":"https:\/\/elfaroonline.com.ar\/index.php\/wp-json\/wp\/v2\/users\/2"}],"replies":[{"embeddable":true,"href":"https:\/\/elfaroonline.com.ar\/index.php\/wp-json\/wp\/v2\/comments?post=2787"}],"version-history":[{"count":1,"href":"https:\/\/elfaroonline.com.ar\/index.php\/wp-json\/wp\/v2\/posts\/2787\/revisions"}],"predecessor-version":[{"id":2789,"href":"https:\/\/elfaroonline.com.ar\/index.php\/wp-json\/wp\/v2\/posts\/2787\/revisions\/2789"}],"wp:featuredmedia":[{"embeddable":true,"href":"https:\/\/elfaroonline.com.ar\/index.php\/wp-json\/wp\/v2\/media\/2788"}],"wp:attachment":[{"href":"https:\/\/elfaroonline.com.ar\/index.php\/wp-json\/wp\/v2\/media?parent=2787"}],"wp:term":[{"taxonomy":"category","embeddable":true,"href":"https:\/\/elfaroonline.com.ar\/index.php\/wp-json\/wp\/v2\/categories?post=2787"},{"taxonomy":"post_tag","embeddable":true,"href":"https:\/\/elfaroonline.com.ar\/index.php\/wp-json\/wp\/v2\/tags?post=2787"}],"curies":[{"name":"wp","href":"https:\/\/api.w.org\/{rel}","templated":true}]}}