{"id":2790,"date":"2024-10-28T07:30:58","date_gmt":"2024-10-28T10:30:58","guid":{"rendered":"https:\/\/elfaroonline.com.ar\/?p=2790"},"modified":"2024-10-28T07:30:58","modified_gmt":"2024-10-28T10:30:58","slug":"magistrados-debatieron-en-tinogasta-sobre-derechos-sociales-y-doctrina-franciscana","status":"publish","type":"post","link":"https:\/\/elfaroonline.com.ar\/index.php\/2024\/10\/28\/magistrados-debatieron-en-tinogasta-sobre-derechos-sociales-y-doctrina-franciscana\/","title":{"rendered":"Magistrados debatieron en Tinogasta sobre derechos sociales y doctrina franciscana"},"content":{"rendered":"<p class=\"v1MsoNormal\">La ciudad de Tinogasta se transform\u00f3 en el escenario del IV Encuentro Nacional del Cap\u00edtulo Argentina del Comit\u00e9 Panamericano de Juezas y Jueces por los Derechos Sociales y la Doctrina Franciscana (COPAJU), una organizaci\u00f3n creada bajo la inspiraci\u00f3n del Papa Francisco y que tiene como finalidad convocar a magistradas y magistrados en defensa de los sectores m\u00e1s vulnerables.<\/p>\n<p class=\"v1MsoNormal\">Este evento, que se desarroll\u00f3 este viernes 25 y s\u00e1bado 26 de octubre, tiene por objetivo generar un espacio de reflexi\u00f3n y debate sobre la importancia del Estado, la Constituci\u00f3n y los Derechos Sociales desde una perspectiva franciscana y bajo el lema &#8220;Estado, Constituci\u00f3n y Derechos Sociales desde la mirada franciscana&#8221;, alrededor de veinte expositores que arribaron desde distintos puntos del pa\u00eds se encuentran disertando durante dos intensas jornadas en el recientemente inaugurado cine-teatro Paseo de los Sabores Catamarque\u00f1os, ubicado en la ciudad de Tinogasta.<\/p>\n<p class=\"v1MsoNormal\">Organizado por el Comit\u00e9 Panamericano de Juezas y Jueces por los Derechos Sociales y la Doctrina Franciscana (COPAJU), jueces, fiscales, camaristas, defensores, abogados, acad\u00e9micos, diputadas y diputados nacionales, adem\u00e1s de referentes de la Iglesia Cat\u00f3lica debaten sobre cuestiones centrales y urgentes de la realidad argentina, buscando generar un espacio de reflexi\u00f3n y debate sobre la importancia del Estado, la Constituci\u00f3n y los Derechos Sociales desde una perspectiva franciscana.<\/p>\n<p class=\"v1MsoNormal\">En la apertura del encuentro, el gobernador de la provincia Ra\u00fal Jalil destac\u00f3 la importancia del encuentro y asegur\u00f3 que &#8220;este evento naci\u00f3 en el Vaticano cuando fuimos a disertar sobre el cambio clim\u00e1tico y nos encontramos con el doctor Gallardo, donde le planteamos venir a debatir estos temas aqu\u00ed. En l\u00edneas generales, observamos que el mundo est\u00e1 cambiando, que hay una nueva era mundial y sobre ello la Justicia debe comenzar a trabajar&#8221;.<\/p>\n<p class=\"v1MsoNormal\">Y agreg\u00f3: &#8220;Personalmente, entiendo que el resguardo de todo es la justicia y sobre ello tambi\u00e9n deseo agradecer la mirada del Papa Francisco, quien siempre nos dio tranquilidad y manifest\u00f3 su deseo de seguir adelante. Tengo una mirada sobre la cual entiendo que el di\u00e1logo y el consenso es lo mejor para los catamarque\u00f1os&#8221;, concluy\u00f3 Ra\u00fal.<\/p>\n<p class=\"v1MsoNormal\">El ministro de Gobierno, Justicia y Derechos Humanos de Catamarca, Fernando \u00c1vila, valor\u00f3 la cristalizaci\u00f3n de este debate por entender que &#8220;desde el Gobierno estamos muy contentos por este evento por dos razones, una instrumental como es encontrarse con otros a discutir ideas y pensar en los dem\u00e1s, y otra m\u00e1s de fondo y sustancial como es el tema de la discusi\u00f3n y cu\u00e1l es el rol del derecho ante comunidades desiguales. Hay que animarse a pensar en uno mismo para mirar a los otros&#8230; El derecho no es m\u00e1s que una herramienta para que la gente viva un poco mejor&#8221;.<\/p>\n<p class=\"v1MsoNormal\">Este encuentro se desarrolla en siete paneles, el Cap\u00edtulo Argentina de COPAJU propone abordar temas como la baja de edad de punibilidad; la compraventa de ni\u00f1as, ni\u00f1os y adolescentes como modalidad de trata; la reforma laboral y sus consecuencias negativas; resiliencia estatal y justicia social, justicia humanitaria, enc\u00edclica Laudato si&#8217;; adem\u00e1s de tratar cuestiones como derecho a la protesta pac\u00edfica; discapacidad; salud mental; servicios p\u00fablicos, vivienda digna y pobreza energ\u00e9tica.<\/p>\n<p class=\"v1MsoNormal\">Dicen presente en el encuentro los jueces Roberto Andr\u00e9s Gallardo, presidente de COPAJU; C\u00e9sar Ra\u00fal Jim\u00e9nez, coordinador del Cap\u00edtulo Argentina del comit\u00e9; la defensora general de la Naci\u00f3n, Stella Maris Mart\u00ednez; Juan Manuel Olmos, presidente de la Auditor\u00eda General de la Naci\u00f3n; Vanesa Siley, diputada nacional y secretaria general del Sindicato de Trabajadores Judiciales de la Ciudad de Buenos Aires; Marisa Graham, defensora nacional de los Derechos de Ni\u00f1as, Ni\u00f1os y Adolescentes; Alejandro Agust\u00edn Gober, fiscal general de Catamarca; los diputados nacional Silvana Ginocchio y Sebasti\u00e1n N\u00f3blega; la presidenta de la Corte de Justicia de Catamarca, Fernanda Rosales; el intendente de Tinogasta, Ernesto Andrada, entre otras autoridades.<\/p>\n","protected":false},"excerpt":{"rendered":"<p>La ciudad de Tinogasta se transform\u00f3 en el escenario del IV Encuentro Nacional del Cap\u00edtulo Argentina del Comit\u00e9 Panamericano de Juezas y Jueces por los Derechos Sociales y la Doctrina Franciscana (COPAJU), una organizaci\u00f3n creada bajo la inspiraci\u00f3n del Papa Francisco y que tiene como finalidad convocar a magistradas y magistrados en defensa de los [&hellip;]<\/p>\n","protected":false},"author":2,"featured_media":2791,"comment_status":"open","ping_status":"open","sticky":false,"template":"","format":"standard","meta":{"footnotes":""},"categories":[27],"tags":[],"class_list":{"0":"post-2790","1":"post","2":"type-post","3":"status-publish","4":"format-standard","5":"has-post-thumbnail","7":"category-policiales"},"aioseo_notices":[],"_links":{"self":[{"href":"https:\/\/elfaroonline.com.ar\/index.php\/wp-json\/wp\/v2\/posts\/2790","targetHints":{"allow":["GET"]}}],"collection":[{"href":"https:\/\/elfaroonline.com.ar\/index.php\/wp-json\/wp\/v2\/posts"}],"about":[{"href":"https:\/\/elfaroonline.com.ar\/index.php\/wp-json\/wp\/v2\/types\/post"}],"author":[{"embeddable":true,"href":"https:\/\/elfaroonline.com.ar\/index.php\/wp-json\/wp\/v2\/users\/2"}],"replies":[{"embeddable":true,"href":"https:\/\/elfaroonline.com.ar\/index.php\/wp-json\/wp\/v2\/comments?post=2790"}],"version-history":[{"count":1,"href":"https:\/\/elfaroonline.com.ar\/index.php\/wp-json\/wp\/v2\/posts\/2790\/revisions"}],"predecessor-version":[{"id":2792,"href":"https:\/\/elfaroonline.com.ar\/index.php\/wp-json\/wp\/v2\/posts\/2790\/revisions\/2792"}],"wp:featuredmedia":[{"embeddable":true,"href":"https:\/\/elfaroonline.com.ar\/index.php\/wp-json\/wp\/v2\/media\/2791"}],"wp:attachment":[{"href":"https:\/\/elfaroonline.com.ar\/index.php\/wp-json\/wp\/v2\/media?parent=2790"}],"wp:term":[{"taxonomy":"category","embeddable":true,"href":"https:\/\/elfaroonline.com.ar\/index.php\/wp-json\/wp\/v2\/categories?post=2790"},{"taxonomy":"post_tag","embeddable":true,"href":"https:\/\/elfaroonline.com.ar\/index.php\/wp-json\/wp\/v2\/tags?post=2790"}],"curies":[{"name":"wp","href":"https:\/\/api.w.org\/{rel}","templated":true}]}}