{"id":2793,"date":"2024-10-28T07:31:20","date_gmt":"2024-10-28T10:31:20","guid":{"rendered":"https:\/\/elfaroonline.com.ar\/?p=2793"},"modified":"2024-10-28T07:31:20","modified_gmt":"2024-10-28T10:31:20","slug":"fiambala-60-familias-recibieron-lotes-para-construir-sus-hogares","status":"publish","type":"post","link":"https:\/\/elfaroonline.com.ar\/index.php\/2024\/10\/28\/fiambala-60-familias-recibieron-lotes-para-construir-sus-hogares\/","title":{"rendered":"Fiambal\u00e1: 60 familias recibieron lotes para construir sus hogares"},"content":{"rendered":"<p class=\"v1MsoNormal\">En el marco de su agenda de trabajo en el departamento Tinogasta, el gobernador Ra\u00fal Jalil, junto al intendente de Fiambal\u00e1, Ra\u00fal \u00dasqueda, y la ministra de Trabajo, Planificaci\u00f3n y Recursos Humanos, Ver\u00f3nica Soria, hizo entrega de 60 lotes a familias fiambalenses.<\/p>\n<p class=\"v1MsoNormal\">En dichos lotes, las familias beneficiarias podr\u00e1n construir sus viviendas. Los terrenos est\u00e1n ubicados cerca del predio de Vialidad Provincial en la localidad de Fiambal\u00e1, y fueron adquiridos por el Ministerio de Trabajo, Planificaci\u00f3n y Recursos Humanos en 2023 para tal fin<\/p>\n<p class=\"v1MsoNormal\">Esta acci\u00f3n materializa el compromiso del Gobierno provincial con un grupo de vecinos de Fiambal\u00e1 que solicitaban tierras para construir sus hogares. Tras la evaluaci\u00f3n de los informes socioecon\u00f3micos de cada postulante, realizado por el ministerio, se llev\u00f3 a cabo la entrega el viernes en el marco de la visita del Gobernador.<\/p>\n<p class=\"v1MsoNormal\">La entrega definitiva de la documentaci\u00f3n se realizar\u00e1 una vez concluidas las obras de infraestructura y servicios, y el tr\u00e1mite de subdivisi\u00f3n y escrituraci\u00f3n.<\/p>\n<p class=\"v1MsoNormal\">Durante la entrega tambi\u00e9n estuvieron presentes los diputados nacionales Sebasti\u00e1n N\u00f3blega y Dante L\u00f3pez Rodr\u00edguez, la ministra de Seguridad, Fabiola Segura, entre otras autoridades.<\/p>\n","protected":false},"excerpt":{"rendered":"<p>En el marco de su agenda de trabajo en el departamento Tinogasta, el gobernador Ra\u00fal Jalil, junto al intendente de Fiambal\u00e1, Ra\u00fal \u00dasqueda, y la ministra de Trabajo, Planificaci\u00f3n y Recursos Humanos, Ver\u00f3nica Soria, hizo entrega de 60 lotes a familias fiambalenses. En dichos lotes, las familias beneficiarias podr\u00e1n construir sus viviendas. Los terrenos est\u00e1n [&hellip;]<\/p>\n","protected":false},"author":2,"featured_media":2794,"comment_status":"open","ping_status":"open","sticky":false,"template":"","format":"standard","meta":{"footnotes":""},"categories":[23,20],"tags":[],"class_list":{"0":"post-2793","1":"post","2":"type-post","3":"status-publish","4":"format-standard","5":"has-post-thumbnail","7":"category-destacados","8":"category-sociedad"},"aioseo_notices":[],"_links":{"self":[{"href":"https:\/\/elfaroonline.com.ar\/index.php\/wp-json\/wp\/v2\/posts\/2793","targetHints":{"allow":["GET"]}}],"collection":[{"href":"https:\/\/elfaroonline.com.ar\/index.php\/wp-json\/wp\/v2\/posts"}],"about":[{"href":"https:\/\/elfaroonline.com.ar\/index.php\/wp-json\/wp\/v2\/types\/post"}],"author":[{"embeddable":true,"href":"https:\/\/elfaroonline.com.ar\/index.php\/wp-json\/wp\/v2\/users\/2"}],"replies":[{"embeddable":true,"href":"https:\/\/elfaroonline.com.ar\/index.php\/wp-json\/wp\/v2\/comments?post=2793"}],"version-history":[{"count":1,"href":"https:\/\/elfaroonline.com.ar\/index.php\/wp-json\/wp\/v2\/posts\/2793\/revisions"}],"predecessor-version":[{"id":2795,"href":"https:\/\/elfaroonline.com.ar\/index.php\/wp-json\/wp\/v2\/posts\/2793\/revisions\/2795"}],"wp:featuredmedia":[{"embeddable":true,"href":"https:\/\/elfaroonline.com.ar\/index.php\/wp-json\/wp\/v2\/media\/2794"}],"wp:attachment":[{"href":"https:\/\/elfaroonline.com.ar\/index.php\/wp-json\/wp\/v2\/media?parent=2793"}],"wp:term":[{"taxonomy":"category","embeddable":true,"href":"https:\/\/elfaroonline.com.ar\/index.php\/wp-json\/wp\/v2\/categories?post=2793"},{"taxonomy":"post_tag","embeddable":true,"href":"https:\/\/elfaroonline.com.ar\/index.php\/wp-json\/wp\/v2\/tags?post=2793"}],"curies":[{"name":"wp","href":"https:\/\/api.w.org\/{rel}","templated":true}]}}