{"id":2796,"date":"2024-10-28T07:31:40","date_gmt":"2024-10-28T10:31:40","guid":{"rendered":"https:\/\/elfaroonline.com.ar\/?p=2796"},"modified":"2024-10-28T07:31:40","modified_gmt":"2024-10-28T10:31:40","slug":"la-junta-electoral-del-pj-rechazo-el-planteo-de-ricardo-quintela-y-no-oficializo-su-lista-para-competir-con-cristina-kirchner","status":"publish","type":"post","link":"https:\/\/elfaroonline.com.ar\/index.php\/2024\/10\/28\/la-junta-electoral-del-pj-rechazo-el-planteo-de-ricardo-quintela-y-no-oficializo-su-lista-para-competir-con-cristina-kirchner\/","title":{"rendered":"La Junta Electoral del PJ rechaz\u00f3 el planteo de Ricardo Quintela y no oficializ\u00f3 su lista para competir con Cristina Kirchner"},"content":{"rendered":"<p>La Junta Electoral del <b>Partido Justicialista (PJ)<\/b>resolvi\u00f3 hoy excluir a la lista <b>\u201cFederales, un grito de coraz\u00f3n\u201d<\/b>, que lidera el gobernador<b> Ricardo Quintela, <\/b>de las elecciones internas del pr\u00f3ximo 17 de noviembre. Seg\u00fan la resoluci\u00f3n, oficializada en la web del PJ, la lista no alcanz\u00f3 el m\u00ednimo de avales exigidos (el 2% del total del padr\u00f3n de afiliados habilitados para votar en cada provincia) y present\u00f3 irregularidades en la distribuci\u00f3n federal de esos avales.<\/p>\n<p>Los apoderados de \u201cFederales\u201d argumentaron que la Junta hab\u00eda favorecido a la lista opositora y que los plazos y tr\u00e1mites deb\u00edan suspenderse. La Junta rechaz\u00f3 las acusaciones de parcialidad y ratific\u00f3 que los avales presentados eran insuficientes y conten\u00edan inconsistencias que afectan su validez. De todas maneras, el \u00f3rgano partidario ratific\u00f3 el proceso electoral con la participaci\u00f3n de la \u00fanica lista oficializada, \u201cPrimero la Patria\u201d, que lleva a Cristina Kirchner como candidata a la presidencia nacional de la fuerza. Las elecciones est\u00e1n previstas para el 17 de noviembre.<\/p>\n<p>Ayer, en la presentaci\u00f3n que hicieron para recusar a los miembros de la Junta, los apoderados del rival de la ex presidenta <b>Cristina Kirchner <\/b>argumentaron que hubo \u201c<b>parcialidad<\/b>\u201d de la Junta al revisar la situaci\u00f3n de los avales y otras formalidades en la documentaci\u00f3n. Adem\u00e1s, aseguraron que existieron \u201cuna serie de actos elocuentes que procuraron <b>facilitar la oficializaci\u00f3n de la lista contraria <\/b>y <b>buscando proscribir a nuestra lista\u201d<\/b>.<\/p>\n<p class=\"paragraph\" data-mrf-recirculation=\"Links inline\">Hoy, en su resoluci\u00f3n, la Junta Electoral dio una fuerte respuesta a esa acusaci\u00f3n que hizo el sector de Quintela: \u201cQue resulta necesario en este punto, destacar el llamado a utilizar la palabra PROSCRIPCI\u00d3N, <b>con prudencia y sin banalizaci\u00f3n<\/b>, ya que este Partido, y sus l\u00edderes m\u00e1s destacados fueron proscritos a lo largo de su historia pasada y presente\u201d, se\u00f1ala entre los considerando de la decisi\u00f3n.<\/p>\n<p class=\"paragraph\" data-mrf-recirculation=\"Links inline\">En relaci\u00f3n a la cantidad y calidad de avales, la Junta Electoral del PJ detect\u00f3 que hab\u00eda menos de los necesarios y, en otros casos, plagados de irregularidades. \u201cQue, a todo evento, siguiendo un razonamiento l\u00f3gico del asunto avales, cabe se\u00f1alar que, si los mismos fueron presentados, seg\u00fan la lista Federales en el n\u00famero de<b> 70.531 distribuidos en 4.703 plantillas de 15 avales <\/b>(70.531 dividido 4.703= 14,99) se colige que la TOTALIDAD de las planillas de avales debieran estar completas en todos sus casilleros\u201d, explic\u00f3.<\/p>\n<div class=\"news-module\" data-mrf-recirculation=\"IL_JkB3GTBFTj2urpbOlzOORQ\" data-testid=\"text-html\" data-mrf-experience=\"IL_JkB3GTBFTj2urpbOlzOORQ\">\n<div class=\"recommended-card__info\">\n<p class=\"paragraph\" data-mrf-recirculation=\"Links inline\">Sin embargo, la Junta detect\u00f3 que del conteo surgi\u00f3 que encontraron<b> 4.464 planillas para fiscalizar, por un total de 60.755 avales<\/b>. \u201cErgo, arrojan que en las planillas obrantes el n\u00famero de avales volcados es de 13,6 avales por planilla de 15. Resultando entonces que de lo declarado en la impugnaci\u00f3n presentada (70.531 en 4.703 planillas) la totalidad de las mismas deber\u00edan contener 14,99 y no 13,6\u2033, explica la resoluci\u00f3n.<\/p>\n<p class=\"paragraph\" data-mrf-recirculation=\"Links inline\">Adem\u00e1s, detectaron faltantes en los requisitos para esos avales. Seg\u00fan el dictamen, <b>6.809 de estos no acompa\u00f1an fotocopias de DNI<\/b>, adem\u00e1s de que hay \u201cplanillas fotocopiadas (no originales) o carecen de las firmas de los avalista\u201d y 5.195 con <b>\u201cDNI ilegibles o firmas en las planillas ostensiblemente dis\u00edmiles<\/b> con las que se exhiben en los DNI\u201d. La Junta explic\u00f3 a modo de ejemplo que hab\u00eda \u201cfirmas de autoridades de registro civil en lugar de la firma del propio avalistas, original de firma en letra imprenta y aval firmado en letra cursiva\u201d.<\/p>\n<p class=\"paragraph\" data-mrf-recirculation=\"Links inline\">\u201cAbundado sobre la l\u00f3gica de las cantidades es clarificante el siguiente ejercicio: suponiendo que lo que afirman los presentantes, fueran v\u00e1lidos los registros digitales de 70.531 se le restar\u00e1n los ya identificados con inconsistencias (6.809 y 5.195) <b>arrojar\u00eda un total de 58.527 avales v\u00e1lidos, lo cual tampoco alcanzar\u00eda el m\u00ednimo exigido<\/b> en el reglamento electoral del 2% del padr\u00f3n (62.465)\u201d, sintetiz\u00f3 el fallo.<\/p>\n<p class=\"paragraph\" data-mrf-recirculation=\"Links inline\">La Junta ironiz\u00f3 sobre el reclamo por los avales hechos de parte de los apoderados de Federales. \u201cNo se trata de una cuesti\u00f3n de <b>ritualismo o de rigor <\/b>meramente formal\u201d, dice la resoluci\u00f3n y m\u00e1s adelante explica: \u201cSino de garantizar que quienes se presentan a disputar la representaci\u00f3n pol\u00edtica de un partido tengan el<b> respaldo suficiente de los afiliados <\/b>para evitar maniobras o distorsiones que solo contribuyen a debilitar, no solo a los partidos pol\u00edticos, sino fundamentalmente a la <b>democracia<\/b>\u201d.<\/p>\n<p class=\"paragraph\" data-mrf-recirculation=\"Links inline\">Si bien en el entorno de Quintela prefirieron no hacer declaraciones p\u00fablicas de momento, seguramente <b>en la ma\u00f1ana del lunes los apoderados de Federales presenten un recurso ante el Juzgado Electoral<\/b>, a cargo de <b>Romilda Servini<\/b>, para que sea la magistrada quien certifique que lo postulado por la resoluci\u00f3n en el fallo es as\u00ed. De hacerlo, <b>el PJ ir\u00eda a las elecciones del 17 con una lista \u00fanica<\/b>: Primero la Patria, que encabeza Cristina Fern\u00e1ndez de Kirchner.<\/p>\n<\/div>\n<\/div>\n","protected":false},"excerpt":{"rendered":"<p>La Junta Electoral del Partido Justicialista (PJ)resolvi\u00f3 hoy excluir a la lista \u201cFederales, un grito de coraz\u00f3n\u201d, que lidera el gobernador Ricardo Quintela, de las elecciones internas del pr\u00f3ximo 17 de noviembre. Seg\u00fan la resoluci\u00f3n, oficializada en la web del PJ, la lista no alcanz\u00f3 el m\u00ednimo de avales exigidos (el 2% del total del [&hellip;]<\/p>\n","protected":false},"author":2,"featured_media":2797,"comment_status":"open","ping_status":"open","sticky":false,"template":"","format":"standard","meta":{"footnotes":""},"categories":[22,21],"tags":[],"class_list":{"0":"post-2796","1":"post","2":"type-post","3":"status-publish","4":"format-standard","5":"has-post-thumbnail","7":"category-nacionales","8":"category-politica"},"aioseo_notices":[],"_links":{"self":[{"href":"https:\/\/elfaroonline.com.ar\/index.php\/wp-json\/wp\/v2\/posts\/2796","targetHints":{"allow":["GET"]}}],"collection":[{"href":"https:\/\/elfaroonline.com.ar\/index.php\/wp-json\/wp\/v2\/posts"}],"about":[{"href":"https:\/\/elfaroonline.com.ar\/index.php\/wp-json\/wp\/v2\/types\/post"}],"author":[{"embeddable":true,"href":"https:\/\/elfaroonline.com.ar\/index.php\/wp-json\/wp\/v2\/users\/2"}],"replies":[{"embeddable":true,"href":"https:\/\/elfaroonline.com.ar\/index.php\/wp-json\/wp\/v2\/comments?post=2796"}],"version-history":[{"count":1,"href":"https:\/\/elfaroonline.com.ar\/index.php\/wp-json\/wp\/v2\/posts\/2796\/revisions"}],"predecessor-version":[{"id":2798,"href":"https:\/\/elfaroonline.com.ar\/index.php\/wp-json\/wp\/v2\/posts\/2796\/revisions\/2798"}],"wp:featuredmedia":[{"embeddable":true,"href":"https:\/\/elfaroonline.com.ar\/index.php\/wp-json\/wp\/v2\/media\/2797"}],"wp:attachment":[{"href":"https:\/\/elfaroonline.com.ar\/index.php\/wp-json\/wp\/v2\/media?parent=2796"}],"wp:term":[{"taxonomy":"category","embeddable":true,"href":"https:\/\/elfaroonline.com.ar\/index.php\/wp-json\/wp\/v2\/categories?post=2796"},{"taxonomy":"post_tag","embeddable":true,"href":"https:\/\/elfaroonline.com.ar\/index.php\/wp-json\/wp\/v2\/tags?post=2796"}],"curies":[{"name":"wp","href":"https:\/\/api.w.org\/{rel}","templated":true}]}}