{"id":2811,"date":"2024-10-31T12:53:45","date_gmt":"2024-10-31T15:53:45","guid":{"rendered":"https:\/\/elfaroonline.com.ar\/?p=2811"},"modified":"2024-10-31T12:53:45","modified_gmt":"2024-10-31T15:53:45","slug":"mas-vecinos-accedieron-a-su-vivienda-propia-en-las-juntas","status":"publish","type":"post","link":"https:\/\/elfaroonline.com.ar\/index.php\/2024\/10\/31\/mas-vecinos-accedieron-a-su-vivienda-propia-en-las-juntas\/","title":{"rendered":"M\u00e1s vecinos accedieron a su vivienda propia en Las Juntas"},"content":{"rendered":"<p class=\"v1MsoNormal\">En el marco de las actividades realizadas en la localidad de Las Juntas, el gobernador Ra\u00fal Jalil, junto al intendente Jorge Herrera, procedi\u00f3 a la entrega de nuevas viviendas en la localidad veraniega, fortaleciendo de esta manera la pol\u00edtica habitacional que viene llevando adelante el Gobierno provincial en todo el territorio catamarque\u00f1o.<\/p>\n<p class=\"v1MsoNormal\">En la ocasi\u00f3n, se hizo entrega de ocho nuevas unidades habitacionales en el barrio Vista Verde de esta localidad, ejecutadas con financiamiento provincial. Adem\u00e1s, se otorg\u00f3 la llave de una vivienda rural a una familia de Las Piedras Blancas.<\/p>\n<p class=\"v1MsoNormal\">La vecina Melisa Veliz destac\u00f3, visiblemente emocionada, la importancia de acceder a la vivienda propia, entendiendo que &#8220;este gesto, para mi familia y para m\u00ed, significa mucho m\u00e1s que un lugar para vivir puesto que representa estabilidad, seguridad y la posibilidad de construir un nuevo mundo. Es el comienzo de una nueva etapa llena de esperanza y sue\u00f1os para nosotros&#8221;.<\/p>\n<p class=\"v1MsoNormal\">Asimismo, destac\u00f3 que &#8220;el apoyo del Gobernador es un gesto de compromiso y cercan\u00eda con esta comunidad y estamos inmensamente agradecidos por su gesti\u00f3n y por hacer realidad este sue\u00f1o que hemos esperado con tanta ilusi\u00f3n&#8221;.<\/p>\n<p class=\"v1MsoNormal\">En su discurso, el Gobernador consider\u00f3 que &#8220;la mejor obra a entregar es una casa y esto representa una respuesta que se brinda a trav\u00e9s de un trabajo conjunto entre la provincia y el municipio&#8221;.<\/p>\n<p class=\"v1MsoNormal\">Ra\u00fal resalt\u00f3 la licitaci\u00f3n del Dique La Herradura realizada d\u00edas atr\u00e1s, y otras obras que se ejecutan en el municipio como el puente en el acceso principal a la villa veraniega y la ampliaci\u00f3n de la hoster\u00eda que iniciar\u00e1 en el corto plazo.<\/p>\n","protected":false},"excerpt":{"rendered":"<p>En el marco de las actividades realizadas en la localidad de Las Juntas, el gobernador Ra\u00fal Jalil, junto al intendente Jorge Herrera, procedi\u00f3 a la entrega de nuevas viviendas en la localidad veraniega, fortaleciendo de esta manera la pol\u00edtica habitacional que viene llevando adelante el Gobierno provincial en todo el territorio catamarque\u00f1o. En la ocasi\u00f3n, [&hellip;]<\/p>\n","protected":false},"author":2,"featured_media":2812,"comment_status":"open","ping_status":"open","sticky":false,"template":"","format":"standard","meta":{"footnotes":""},"categories":[23,20],"tags":[],"class_list":{"0":"post-2811","1":"post","2":"type-post","3":"status-publish","4":"format-standard","5":"has-post-thumbnail","7":"category-destacados","8":"category-sociedad"},"aioseo_notices":[],"_links":{"self":[{"href":"https:\/\/elfaroonline.com.ar\/index.php\/wp-json\/wp\/v2\/posts\/2811","targetHints":{"allow":["GET"]}}],"collection":[{"href":"https:\/\/elfaroonline.com.ar\/index.php\/wp-json\/wp\/v2\/posts"}],"about":[{"href":"https:\/\/elfaroonline.com.ar\/index.php\/wp-json\/wp\/v2\/types\/post"}],"author":[{"embeddable":true,"href":"https:\/\/elfaroonline.com.ar\/index.php\/wp-json\/wp\/v2\/users\/2"}],"replies":[{"embeddable":true,"href":"https:\/\/elfaroonline.com.ar\/index.php\/wp-json\/wp\/v2\/comments?post=2811"}],"version-history":[{"count":1,"href":"https:\/\/elfaroonline.com.ar\/index.php\/wp-json\/wp\/v2\/posts\/2811\/revisions"}],"predecessor-version":[{"id":2813,"href":"https:\/\/elfaroonline.com.ar\/index.php\/wp-json\/wp\/v2\/posts\/2811\/revisions\/2813"}],"wp:featuredmedia":[{"embeddable":true,"href":"https:\/\/elfaroonline.com.ar\/index.php\/wp-json\/wp\/v2\/media\/2812"}],"wp:attachment":[{"href":"https:\/\/elfaroonline.com.ar\/index.php\/wp-json\/wp\/v2\/media?parent=2811"}],"wp:term":[{"taxonomy":"category","embeddable":true,"href":"https:\/\/elfaroonline.com.ar\/index.php\/wp-json\/wp\/v2\/categories?post=2811"},{"taxonomy":"post_tag","embeddable":true,"href":"https:\/\/elfaroonline.com.ar\/index.php\/wp-json\/wp\/v2\/tags?post=2811"}],"curies":[{"name":"wp","href":"https:\/\/api.w.org\/{rel}","templated":true}]}}