{"id":2814,"date":"2024-10-31T12:56:00","date_gmt":"2024-10-31T15:56:00","guid":{"rendered":"https:\/\/elfaroonline.com.ar\/?p=2814"},"modified":"2024-10-31T12:56:00","modified_gmt":"2024-10-31T15:56:00","slug":"las-juntas-cuenta-con-un-nuevo-acceso-y-avanza-la-reconstruccion-del-puente-principal","status":"publish","type":"post","link":"https:\/\/elfaroonline.com.ar\/index.php\/2024\/10\/31\/las-juntas-cuenta-con-un-nuevo-acceso-y-avanza-la-reconstruccion-del-puente-principal\/","title":{"rendered":"Las Juntas cuenta con un nuevo acceso y avanza la reconstrucci\u00f3n del puente principal"},"content":{"rendered":"<div>\n<p class=\"v1MsoNormal\">El gobernador Ra\u00fal Jalil, junto al intendente Jorge Herrera, dejaron inaugurado \u00a0un nuevo puente-pasarela en el R\u00edo Las Juntas, que brindar\u00e1 una mayor seguridad en la transitabilidad por la zona a los vecinos y a los turistas que se acerquen a esta villa veraniega.<\/p>\n<p class=\"v1MsoNormal\">Esta obra se encuentra ubicada a la altura del campamento educativo, posibilitando que se generen mayores y mejores condiciones de seguridad en todo el a\u00f1o y, principalmente, en \u00e9poca estival, que es cuando se genera una intensa frecuencia de turismo en esta jurisdicci\u00f3n catamarque\u00f1a.<\/p>\n<p class=\"v1MsoNormal\">Adem\u00e1s, durante la visita del mandatario provincial por la localidad junte\u00f1a se procedi\u00f3 a la supervisi\u00f3n de los trabajos que se realizan en la obra de reconstrucci\u00f3n del puente principal a la localidad veraniega. Esta obra posee un avance del 35% y, en la actualidad, se est\u00e1n instalando los pilotes y bases para pr\u00f3ximamente avanzar con la instalaci\u00f3n del puente propiamente dicho. De acuerdo a estimaciones de los encargados de la obra, se espera que para la primera quincena de enero se proceda a habilitar nuevamente este paso y los turistas puedan disfrutar del verano en esta jurisdicci\u00f3n con caminos totalmente seguros.<\/p>\n<p class=\"v1MsoNormal\">En la ocasi\u00f3n, el intendente de Las Juntas, Jorge Herrera, destac\u00f3 la importancia de la ejecuci\u00f3n de estas obras para dicha jurisdicci\u00f3n, entendiendo que &#8220;son tareas necesarias y que surgieron despu\u00e9s de los problemas que generaron las lluvias. Tambi\u00e9n est\u00e1 una otra pasarela en la cual se est\u00e1 trabajando y que tiene un avance del 50%, en tanto hay otra m\u00e1s que se encuentra en proyecci\u00f3n y todos esos gestos se deben al Gobernador, que nos facilit\u00f3 los fondos para poder trabajar&#8221;.<\/p>\n<p class=\"v1MsoNormal\"><b>Dique La Herradura<\/b><\/p>\n<p class=\"v1MsoNormal\">El intendente Herrera tambi\u00e9n agradeci\u00f3 al Gobernador por la licitaci\u00f3n de la obra del Dique La Herradura, que tiene un potencial para cambiar la realidad h\u00eddrica del departamento Ambato.<\/p>\n<p class=\"v1MsoNormal\">En este sentido, el jefe comunal explic\u00f3: &#8220;Tuve una locura en mi vida, ya que estoy desde los siete a\u00f1os aqu\u00ed, y se est\u00e1 haciendo realidad la ejecuci\u00f3n del Dique nivelador con una hoster\u00eda en Las Juntas. Estoy convencido que podemos vivir del turismo aqu\u00ed, tal como lo estamos empezando a hacer, con la infraestructura necesaria&#8221;.<\/p>\n<p class=\"v1MsoNormal\">Cabe mencionar, que d\u00edas atr\u00e1s se procedi\u00f3 a la licitaci\u00f3n de la obra, estim\u00e1ndose que en los pr\u00f3ximos d\u00edas se conocer\u00e1 el nombre de la empresa encargada de ejecutar los trabajos. Se trata de un proyecto que contempla un total de 23 hect\u00e1reas, con un pared\u00f3n de 70 metros y una hoster\u00eda ubicada en el centro mismo. &#8220;Se trata de una obra que va a ser un lujo para esta provincia y vendr\u00e1 a fortalecer el crecimiento tur\u00edstico que se ha registrado en los \u00faltimos tiempos en esta zona&#8221;, se\u00f1al\u00f3 Herrera.<\/p>\n<p class=\"v1MsoNormal\">Acompa\u00f1aron tambi\u00e9n en la recorrida por la localidad de Las Juntas al mandatario provincial la senadora departamental Romina Williams y el intendente de El Rodeo, Armando Seco Santamarina, entre otras autoridades e invitados especiales.<\/p>\n<\/div>\n","protected":false},"excerpt":{"rendered":"<p>El gobernador Ra\u00fal Jalil, junto al intendente Jorge Herrera, dejaron inaugurado \u00a0un nuevo puente-pasarela en el R\u00edo Las Juntas, que brindar\u00e1 una mayor seguridad en la transitabilidad por la zona a los vecinos y a los turistas que se acerquen a esta villa veraniega. Esta obra se encuentra ubicada a la altura del campamento educativo, [&hellip;]<\/p>\n","protected":false},"author":2,"featured_media":2815,"comment_status":"open","ping_status":"open","sticky":false,"template":"","format":"standard","meta":{"footnotes":""},"categories":[21],"tags":[],"class_list":{"0":"post-2814","1":"post","2":"type-post","3":"status-publish","4":"format-standard","5":"has-post-thumbnail","7":"category-politica"},"aioseo_notices":[],"_links":{"self":[{"href":"https:\/\/elfaroonline.com.ar\/index.php\/wp-json\/wp\/v2\/posts\/2814","targetHints":{"allow":["GET"]}}],"collection":[{"href":"https:\/\/elfaroonline.com.ar\/index.php\/wp-json\/wp\/v2\/posts"}],"about":[{"href":"https:\/\/elfaroonline.com.ar\/index.php\/wp-json\/wp\/v2\/types\/post"}],"author":[{"embeddable":true,"href":"https:\/\/elfaroonline.com.ar\/index.php\/wp-json\/wp\/v2\/users\/2"}],"replies":[{"embeddable":true,"href":"https:\/\/elfaroonline.com.ar\/index.php\/wp-json\/wp\/v2\/comments?post=2814"}],"version-history":[{"count":1,"href":"https:\/\/elfaroonline.com.ar\/index.php\/wp-json\/wp\/v2\/posts\/2814\/revisions"}],"predecessor-version":[{"id":2816,"href":"https:\/\/elfaroonline.com.ar\/index.php\/wp-json\/wp\/v2\/posts\/2814\/revisions\/2816"}],"wp:featuredmedia":[{"embeddable":true,"href":"https:\/\/elfaroonline.com.ar\/index.php\/wp-json\/wp\/v2\/media\/2815"}],"wp:attachment":[{"href":"https:\/\/elfaroonline.com.ar\/index.php\/wp-json\/wp\/v2\/media?parent=2814"}],"wp:term":[{"taxonomy":"category","embeddable":true,"href":"https:\/\/elfaroonline.com.ar\/index.php\/wp-json\/wp\/v2\/categories?post=2814"},{"taxonomy":"post_tag","embeddable":true,"href":"https:\/\/elfaroonline.com.ar\/index.php\/wp-json\/wp\/v2\/tags?post=2814"}],"curies":[{"name":"wp","href":"https:\/\/api.w.org\/{rel}","templated":true}]}}