{"id":2820,"date":"2024-10-31T13:03:09","date_gmt":"2024-10-31T16:03:09","guid":{"rendered":"https:\/\/elfaroonline.com.ar\/?p=2820"},"modified":"2024-10-31T13:03:09","modified_gmt":"2024-10-31T16:03:09","slug":"el-asfaltado-de-la-ruta-42-estara-concluido-a-fin-de-ano","status":"publish","type":"post","link":"https:\/\/elfaroonline.com.ar\/index.php\/2024\/10\/31\/el-asfaltado-de-la-ruta-42-estara-concluido-a-fin-de-ano\/","title":{"rendered":"El asfaltado de la Ruta 42 estar\u00e1 concluido a fin de a\u00f1o"},"content":{"rendered":"<p class=\"v1MsoNormal\">Durante una reuni\u00f3n mantenida en las instalaciones del Ministerio de Infraestructura y Obras Civiles, el representante de la empresa a cargo de la obra en el Este provincial, inform\u00f3 al gobernador Ra\u00fal Jalil, al ministro Juan Marchetti y el intendente de El Alto, Ariel Ojeda, que los trabajos de asfaltado en Ruta Provincial N\u00b042 avanzan a buen ritmo y se espera que est\u00e9n concluidos a fin de a\u00f1o.<\/p>\n<p class=\"v1MsoNormal\">El tramo de asfaltado comprende un total de 30 kil\u00f3metros desde Tintigasta hasta la cumbre de El Portezuelo, beneficiando a las comunidades de Tintigasta, Guayamba y El Alto, adem\u00e1s de conformar el Corredor vial Este junto a las rutas provinciales 2 y 7.<\/p>\n<p class=\"v1MsoNormal\">Santiago Guarrochena, representante de la empresa Chediak, precis\u00f3 ante las autoridades que las obras est\u00e1n avanzando a un ritmo \u00f3ptimo desde el reinicio de las actividades el pasado 5 de octubre, cuando se despleg\u00f3 toda la maquinaria de la empresa. El objetivo propuesto es culminar la pavimentaci\u00f3n de este tramo para fin de a\u00f1o, lo cual permitir\u00e1 que turistas y visitantes puedan transitar de manera segura hacia el Este catamarque\u00f1o durante la temporada de vacaciones.<\/p>\n<p class=\"v1MsoNormal\">Asimismo, se proyecta que, una vez completados los trabajos de base en Ruta 42 para diciembre, parte del equipo de la empresa Chediak se traslade a trabajar en Ruta Provincial N\u00ba2 para reactivar la pavimentaci\u00f3n y repavimentaci\u00f3n de 79 km sobre en el tramo Los Morteros-San Antonio de la Paz (atravesando localidades de Los Morteros, Anquincila, Ancasti e Ica\u00f1o). Ambas obras son realizadas con fondos provinciales.<\/p>\n<p class=\"v1MsoNormal\">En el encuentro tambi\u00e9n particip\u00f3 el diputado nacional, Sebasti\u00e1n N\u00f3blega.<\/p>\n","protected":false},"excerpt":{"rendered":"<p>Durante una reuni\u00f3n mantenida en las instalaciones del Ministerio de Infraestructura y Obras Civiles, el representante de la empresa a cargo de la obra en el Este provincial, inform\u00f3 al gobernador Ra\u00fal Jalil, al ministro Juan Marchetti y el intendente de El Alto, Ariel Ojeda, que los trabajos de asfaltado en Ruta Provincial N\u00b042 avanzan [&hellip;]<\/p>\n","protected":false},"author":2,"featured_media":2821,"comment_status":"open","ping_status":"open","sticky":false,"template":"","format":"standard","meta":{"footnotes":""},"categories":[20],"tags":[],"class_list":{"0":"post-2820","1":"post","2":"type-post","3":"status-publish","4":"format-standard","5":"has-post-thumbnail","7":"category-sociedad"},"aioseo_notices":[],"_links":{"self":[{"href":"https:\/\/elfaroonline.com.ar\/index.php\/wp-json\/wp\/v2\/posts\/2820","targetHints":{"allow":["GET"]}}],"collection":[{"href":"https:\/\/elfaroonline.com.ar\/index.php\/wp-json\/wp\/v2\/posts"}],"about":[{"href":"https:\/\/elfaroonline.com.ar\/index.php\/wp-json\/wp\/v2\/types\/post"}],"author":[{"embeddable":true,"href":"https:\/\/elfaroonline.com.ar\/index.php\/wp-json\/wp\/v2\/users\/2"}],"replies":[{"embeddable":true,"href":"https:\/\/elfaroonline.com.ar\/index.php\/wp-json\/wp\/v2\/comments?post=2820"}],"version-history":[{"count":1,"href":"https:\/\/elfaroonline.com.ar\/index.php\/wp-json\/wp\/v2\/posts\/2820\/revisions"}],"predecessor-version":[{"id":2822,"href":"https:\/\/elfaroonline.com.ar\/index.php\/wp-json\/wp\/v2\/posts\/2820\/revisions\/2822"}],"wp:featuredmedia":[{"embeddable":true,"href":"https:\/\/elfaroonline.com.ar\/index.php\/wp-json\/wp\/v2\/media\/2821"}],"wp:attachment":[{"href":"https:\/\/elfaroonline.com.ar\/index.php\/wp-json\/wp\/v2\/media?parent=2820"}],"wp:term":[{"taxonomy":"category","embeddable":true,"href":"https:\/\/elfaroonline.com.ar\/index.php\/wp-json\/wp\/v2\/categories?post=2820"},{"taxonomy":"post_tag","embeddable":true,"href":"https:\/\/elfaroonline.com.ar\/index.php\/wp-json\/wp\/v2\/tags?post=2820"}],"curies":[{"name":"wp","href":"https:\/\/api.w.org\/{rel}","templated":true}]}}