{"id":2833,"date":"2024-10-31T15:40:38","date_gmt":"2024-10-31T18:40:38","guid":{"rendered":"https:\/\/elfaroonline.com.ar\/?p=2833"},"modified":"2024-10-31T15:40:38","modified_gmt":"2024-10-31T18:40:38","slug":"el-gobierno-entrego-el-plan-de-ordenamiento-territorial-a-huillapima","status":"publish","type":"post","link":"https:\/\/elfaroonline.com.ar\/index.php\/2024\/10\/31\/el-gobierno-entrego-el-plan-de-ordenamiento-territorial-a-huillapima\/","title":{"rendered":"El Gobierno entreg\u00f3 el Plan de Ordenamiento Territorial a Huillapima"},"content":{"rendered":"<div>\n<p class=\"v1MsoNormal\"><i>En articulaci\u00f3n con el CFI y la Universidad Nacional de Catamarca.<\/i><\/p>\n<p class=\"v1MsoNormal\">En un avance hacia el desarrollo planificado y sustentable de la localidad de Huillapima, el Ministerio de Trabajo, Planificaci\u00f3n y Recursos Humanos de Catamarca entreg\u00f3 formalmente el Plan de Ordenamiento Territorial (POT), con la colaboraci\u00f3n del Consejo Federal de Inversiones (CFI) y el trabajo t\u00e9cnico de Facultad de Ciencias Econ\u00f3micas de la Universidad Nacional de Catamarca.<\/p>\n<p class=\"v1MsoNormal\">La ministra de Trabajo, Planificaci\u00f3n y Recursos Humanos, Ver\u00f3nica Soria, resalt\u00f3 el valor de esta herramienta de planificaci\u00f3n, clave para ordenar el crecimiento de la localidad y mejorar la calidad de vida de sus habitantes. &#8220;El POT de Huillapima es una oportunidad para avanzar en la gesti\u00f3n de nuestro territorio, optimizando los recursos locales y promoviendo el desarrollo sostenible&#8221;, afirm\u00f3 la ministra. Adem\u00e1s, subray\u00f3 la relevancia de integrar a las comunidades en el proceso de planificaci\u00f3n: &#8220;Con el POT buscamos no solo la organizaci\u00f3n eficiente del territorio, sino tambi\u00e9n la participaci\u00f3n activa de los ciudadanos en la construcci\u00f3n de su propio futuro&#8221;. Asimismo, agreg\u00f3: &#8220;Los POT son el inicio, no el final de un trabajo. Nos dan una hoja de ruta que nos se\u00f1ala hacia d\u00f3nde queremos ir, qu\u00e9 municipio quiere tener la comunidad por lo menos por los pr\u00f3ximos 10 o 15 a\u00f1os. Incluso nos dan la posibilidad de entender cu\u00e1les son nuestros potenciales, para ver qu\u00e9 posibilidades de generar recursos propios tiene cada municipio&#8221;.<\/p>\n<p class=\"v1MsoNormal\">Este plan ofrece un enfoque a largo plazo que aborda aspectos sociales, econ\u00f3micos, ambientales y de infraestructura, con desaf\u00edos espec\u00edficos como la mejora de la conectividad y la gesti\u00f3n de recursos naturales, fundamentales para impulsar el desarrollo productivo de la regi\u00f3n.<\/p>\n<p class=\"v1MsoNormal\">El POT de Huillapima fue elaborado mediante un proceso participativo, que incluy\u00f3 talleres y reuniones donde tuvieron voz ciudadanos y representantes de distintos sectores.<\/p>\n<p class=\"v1MsoNormal\">Con el respaldo de la Ley Provincial de Ordenamiento Territorial N\u00b0 5827, el Gobierno Provincial contin\u00faa impulsando planes integrales de ordenamiento territorial, como instrumentos fundamentales para administrar el uso del suelo y el crecimiento territorial, planificando acciones que contribuyan a mejorar la calidad de vida de los ciudadanos.<\/p>\n<p class=\"v1MsoNormal\">Participaron del encuentro la ministra de Trabajo, Planificaci\u00f3n y Recursos Humanos, Ver\u00f3nica Soria; el rector de la UNCA, Oscar Arellano; el intendente de Huillapima, Omar Soria; la secretaria de Planificaci\u00f3n e Inversi\u00f3n P\u00fablica, Tania Sch\u00f6nhals; en representaci\u00f3n del equipo consultor el decano de la Facultad de Ciencias Econ\u00f3micas, Gustavo Lazarte y la senadora por el departamento Capay\u00e1n, Andrea Lobo.<\/p>\n<\/div>\n","protected":false},"excerpt":{"rendered":"<p>En articulaci\u00f3n con el CFI y la Universidad Nacional de Catamarca. En un avance hacia el desarrollo planificado y sustentable de la localidad de Huillapima, el Ministerio de Trabajo, Planificaci\u00f3n y Recursos Humanos de Catamarca entreg\u00f3 formalmente el Plan de Ordenamiento Territorial (POT), con la colaboraci\u00f3n del Consejo Federal de Inversiones (CFI) y el trabajo [&hellip;]<\/p>\n","protected":false},"author":2,"featured_media":2834,"comment_status":"open","ping_status":"open","sticky":false,"template":"","format":"standard","meta":{"footnotes":""},"categories":[20],"tags":[],"class_list":{"0":"post-2833","1":"post","2":"type-post","3":"status-publish","4":"format-standard","5":"has-post-thumbnail","7":"category-sociedad"},"aioseo_notices":[],"_links":{"self":[{"href":"https:\/\/elfaroonline.com.ar\/index.php\/wp-json\/wp\/v2\/posts\/2833","targetHints":{"allow":["GET"]}}],"collection":[{"href":"https:\/\/elfaroonline.com.ar\/index.php\/wp-json\/wp\/v2\/posts"}],"about":[{"href":"https:\/\/elfaroonline.com.ar\/index.php\/wp-json\/wp\/v2\/types\/post"}],"author":[{"embeddable":true,"href":"https:\/\/elfaroonline.com.ar\/index.php\/wp-json\/wp\/v2\/users\/2"}],"replies":[{"embeddable":true,"href":"https:\/\/elfaroonline.com.ar\/index.php\/wp-json\/wp\/v2\/comments?post=2833"}],"version-history":[{"count":1,"href":"https:\/\/elfaroonline.com.ar\/index.php\/wp-json\/wp\/v2\/posts\/2833\/revisions"}],"predecessor-version":[{"id":2835,"href":"https:\/\/elfaroonline.com.ar\/index.php\/wp-json\/wp\/v2\/posts\/2833\/revisions\/2835"}],"wp:featuredmedia":[{"embeddable":true,"href":"https:\/\/elfaroonline.com.ar\/index.php\/wp-json\/wp\/v2\/media\/2834"}],"wp:attachment":[{"href":"https:\/\/elfaroonline.com.ar\/index.php\/wp-json\/wp\/v2\/media?parent=2833"}],"wp:term":[{"taxonomy":"category","embeddable":true,"href":"https:\/\/elfaroonline.com.ar\/index.php\/wp-json\/wp\/v2\/categories?post=2833"},{"taxonomy":"post_tag","embeddable":true,"href":"https:\/\/elfaroonline.com.ar\/index.php\/wp-json\/wp\/v2\/tags?post=2833"}],"curies":[{"name":"wp","href":"https:\/\/api.w.org\/{rel}","templated":true}]}}