{"id":2879,"date":"2024-11-04T06:43:30","date_gmt":"2024-11-04T09:43:30","guid":{"rendered":"https:\/\/elfaroonline.com.ar\/?p=2879"},"modified":"2024-11-04T06:43:30","modified_gmt":"2024-11-04T09:43:30","slug":"la-escuela-tecnica-de-santa-maria-una-obra-para-el-desarrollo-educativo-regional","status":"publish","type":"post","link":"https:\/\/elfaroonline.com.ar\/index.php\/2024\/11\/04\/la-escuela-tecnica-de-santa-maria-una-obra-para-el-desarrollo-educativo-regional\/","title":{"rendered":"La Escuela T\u00e9cnica de Santa Mar\u00eda, una obra para el desarrollo educativo regional"},"content":{"rendered":"<p class=\"v1MsoNormal\">D\u00edas pasados el gobernador Ra\u00fal Jalil visit\u00f3 los avances de la construcci\u00f3n de la Escuela T\u00e9cnica La Soledad que se ejecuta, con financiamiento de la provincia, en dicha cabecera departamental.<\/p>\n<p class=\"v1MsoNormal\">Este establecimiento educacional tiene por objetivo brindar oportunidades que tiendan a apuntalar la formaci\u00f3n profesional de los j\u00f3venes en su propio lugar de origen, evitando el desarraigo y el fortalecimiento educacional en todo el \u00e1mbito catamarque\u00f1o.<\/p>\n<p class=\"v1MsoNormal\">En la ocasi\u00f3n, junto a la intendenta Erica Inga y el equipo del\u00a0Ministerio de Infraestructura y Obras Civiles, el mandatario provincial inspeccion\u00f3 en terreno los trabajos que se llevan adelante. El proyecto de obra cuenta con un total de doce aulas, sanitarios, oficinas administrativas, espacios espec\u00edficos y un taller especializado, con 2.200 metros cuadrados y estructurados para brindar a los estudiantes espacios adaptados a la ense\u00f1anza t\u00e9cnica y pr\u00e1ctica, aspectos considerados vitales para el desarrollo de las habilidades aplicables a diversas industrias locales y regionales.<\/p>\n<p class=\"v1MsoNormal\">De acuerdo con estimaciones oficiales, esta escuela estar\u00eda concluida en un plazo no mayor de nueves meses y permitir\u00e1 brindar oportunidades que apuntalen la formaci\u00f3n profesional de los j\u00f3venes en su propio lugar de origen.<\/p>\n<p class=\"v1MsoNormal\">Cabe mencionar que, una obra de similares caracter\u00edsticas se encuentra en plena ejecuci\u00f3n en la ciudad de Tinogasta, la cual tambi\u00e9n fue inspeccionada por el Gobernador la semana pasada durante las actividades oficiales desplegadas en aquel departamento del Oeste catamarque\u00f1o.<\/p>\n","protected":false},"excerpt":{"rendered":"<p>D\u00edas pasados el gobernador Ra\u00fal Jalil visit\u00f3 los avances de la construcci\u00f3n de la Escuela T\u00e9cnica La Soledad que se ejecuta, con financiamiento de la provincia, en dicha cabecera departamental. Este establecimiento educacional tiene por objetivo brindar oportunidades que tiendan a apuntalar la formaci\u00f3n profesional de los j\u00f3venes en su propio lugar de origen, evitando [&hellip;]<\/p>\n","protected":false},"author":2,"featured_media":2880,"comment_status":"open","ping_status":"open","sticky":false,"template":"","format":"standard","meta":{"footnotes":""},"categories":[20],"tags":[],"class_list":{"0":"post-2879","1":"post","2":"type-post","3":"status-publish","4":"format-standard","5":"has-post-thumbnail","7":"category-sociedad"},"aioseo_notices":[],"_links":{"self":[{"href":"https:\/\/elfaroonline.com.ar\/index.php\/wp-json\/wp\/v2\/posts\/2879","targetHints":{"allow":["GET"]}}],"collection":[{"href":"https:\/\/elfaroonline.com.ar\/index.php\/wp-json\/wp\/v2\/posts"}],"about":[{"href":"https:\/\/elfaroonline.com.ar\/index.php\/wp-json\/wp\/v2\/types\/post"}],"author":[{"embeddable":true,"href":"https:\/\/elfaroonline.com.ar\/index.php\/wp-json\/wp\/v2\/users\/2"}],"replies":[{"embeddable":true,"href":"https:\/\/elfaroonline.com.ar\/index.php\/wp-json\/wp\/v2\/comments?post=2879"}],"version-history":[{"count":1,"href":"https:\/\/elfaroonline.com.ar\/index.php\/wp-json\/wp\/v2\/posts\/2879\/revisions"}],"predecessor-version":[{"id":2881,"href":"https:\/\/elfaroonline.com.ar\/index.php\/wp-json\/wp\/v2\/posts\/2879\/revisions\/2881"}],"wp:featuredmedia":[{"embeddable":true,"href":"https:\/\/elfaroonline.com.ar\/index.php\/wp-json\/wp\/v2\/media\/2880"}],"wp:attachment":[{"href":"https:\/\/elfaroonline.com.ar\/index.php\/wp-json\/wp\/v2\/media?parent=2879"}],"wp:term":[{"taxonomy":"category","embeddable":true,"href":"https:\/\/elfaroonline.com.ar\/index.php\/wp-json\/wp\/v2\/categories?post=2879"},{"taxonomy":"post_tag","embeddable":true,"href":"https:\/\/elfaroonline.com.ar\/index.php\/wp-json\/wp\/v2\/tags?post=2879"}],"curies":[{"name":"wp","href":"https:\/\/api.w.org\/{rel}","templated":true}]}}