{"id":2885,"date":"2024-11-04T06:43:52","date_gmt":"2024-11-04T09:43:52","guid":{"rendered":"https:\/\/elfaroonline.com.ar\/?p=2885"},"modified":"2024-11-04T06:43:52","modified_gmt":"2024-11-04T09:43:52","slug":"la-delegacion-de-catamarca-rumbo-a-los-juegos-evita","status":"publish","type":"post","link":"https:\/\/elfaroonline.com.ar\/index.php\/2024\/11\/04\/la-delegacion-de-catamarca-rumbo-a-los-juegos-evita\/","title":{"rendered":"La delegaci\u00f3n de Catamarca rumbo a los Juegos Evita"},"content":{"rendered":"<p>Esta ma\u00f1ana de domingo, con la presencia de la ministra de Cultura, Turismo y Deporte Daiana Rold\u00e1n, el secretario de Deportes y Recreaci\u00f3n Guillermo Perna y el director de Deporte Social Federico Andrada, parti\u00f3 la comitiva de deportistas catamarque\u00f1os que representar\u00e1n a la provincia en los Juegos Deportivos Nacionales Evita 2024 en la ciudad de Mar del Plata, Buenos Aires.<\/p>\n<p>La delegaci\u00f3n de 360 atletas tuvo su concentraci\u00f3n mayor en el Estadio Provincial Bicentenario desde donde partieron cinco micros. Los deportistas desfilaron por el campo de juego recibiendo el saludo de las autoridades y de sus familias desde la platea. Tambi\u00e9n, salieron rumbo a la localidad bonaerense un colectivo desde Tinogasta y otro desde Andalgal\u00e1.<\/p>\n<p>&#8220;Estamos muy contentos de decir que Catamarca va a estar presente con su delegaci\u00f3n. Nosotros tenemos que estar orgullosos como catamarque\u00f1os de que podemos participar&#8221;, destac\u00f3 la ministra Rold\u00e1n, y les pidi\u00f3 a j\u00f3venes: &#8220;Si\u00e9ntanse orgullosos, disfruten de la experiencia. Hagan escuchar a Catamarca por todos lados, inviten. Sean compa\u00f1eros. Que tengan muchos \u00e9xitos, que sea esta la mejor experiencia de su vida y que quieran seguir practicando deportes y llevar el nombre de Catamarca por todo el pa\u00eds&#8221;.<\/p>\n<p>Por su parte, el secretario Perna agradeci\u00f3 el apoyo del Gobierno Provincial para concretar la participaci\u00f3n. &#8220;Fue una decisi\u00f3n muy dif\u00edcil pero tenemos una ministra y un Gobernador que apuestan al deporte y por eso podemos decir presentes en los Evita&#8221;, destac\u00f3. Adem\u00e1s, se\u00f1al\u00f3 que estos juegos son sin\u00f3nimo de inclusi\u00f3n y solidaridad, y que &#8220;m\u00e1s all\u00e1 del club que representen, son y representan a Catamarca&#8221;.<\/p>\n<p>Se estima que la delegaci\u00f3n llegar\u00e1 a Mar del Plata por la ma\u00f1ana del lunes, donde realizar\u00e1n las acreditaciones para la competencia y por la tarde a las 16.30 hs ser\u00e1 el acto oficial de la bienvenida en el Polideportivo Islas Malvinas para los 7 mil j\u00f3venes de todo el pa\u00eds que estar\u00e1n participando.<\/p>\n","protected":false},"excerpt":{"rendered":"<p>Esta ma\u00f1ana de domingo, con la presencia de la ministra de Cultura, Turismo y Deporte Daiana Rold\u00e1n, el secretario de Deportes y Recreaci\u00f3n Guillermo Perna y el director de Deporte Social Federico Andrada, parti\u00f3 la comitiva de deportistas catamarque\u00f1os que representar\u00e1n a la provincia en los Juegos Deportivos Nacionales Evita 2024 en la ciudad de [&hellip;]<\/p>\n","protected":false},"author":2,"featured_media":2886,"comment_status":"open","ping_status":"open","sticky":false,"template":"","format":"standard","meta":{"footnotes":""},"categories":[25,23],"tags":[],"class_list":{"0":"post-2885","1":"post","2":"type-post","3":"status-publish","4":"format-standard","5":"has-post-thumbnail","7":"category-deportes","8":"category-destacados"},"aioseo_notices":[],"_links":{"self":[{"href":"https:\/\/elfaroonline.com.ar\/index.php\/wp-json\/wp\/v2\/posts\/2885","targetHints":{"allow":["GET"]}}],"collection":[{"href":"https:\/\/elfaroonline.com.ar\/index.php\/wp-json\/wp\/v2\/posts"}],"about":[{"href":"https:\/\/elfaroonline.com.ar\/index.php\/wp-json\/wp\/v2\/types\/post"}],"author":[{"embeddable":true,"href":"https:\/\/elfaroonline.com.ar\/index.php\/wp-json\/wp\/v2\/users\/2"}],"replies":[{"embeddable":true,"href":"https:\/\/elfaroonline.com.ar\/index.php\/wp-json\/wp\/v2\/comments?post=2885"}],"version-history":[{"count":1,"href":"https:\/\/elfaroonline.com.ar\/index.php\/wp-json\/wp\/v2\/posts\/2885\/revisions"}],"predecessor-version":[{"id":2887,"href":"https:\/\/elfaroonline.com.ar\/index.php\/wp-json\/wp\/v2\/posts\/2885\/revisions\/2887"}],"wp:featuredmedia":[{"embeddable":true,"href":"https:\/\/elfaroonline.com.ar\/index.php\/wp-json\/wp\/v2\/media\/2886"}],"wp:attachment":[{"href":"https:\/\/elfaroonline.com.ar\/index.php\/wp-json\/wp\/v2\/media?parent=2885"}],"wp:term":[{"taxonomy":"category","embeddable":true,"href":"https:\/\/elfaroonline.com.ar\/index.php\/wp-json\/wp\/v2\/categories?post=2885"},{"taxonomy":"post_tag","embeddable":true,"href":"https:\/\/elfaroonline.com.ar\/index.php\/wp-json\/wp\/v2\/tags?post=2885"}],"curies":[{"name":"wp","href":"https:\/\/api.w.org\/{rel}","templated":true}]}}