{"id":2888,"date":"2024-11-04T06:44:14","date_gmt":"2024-11-04T09:44:14","guid":{"rendered":"https:\/\/elfaroonline.com.ar\/?p=2888"},"modified":"2024-11-04T06:44:14","modified_gmt":"2024-11-04T09:44:14","slug":"comienza-el-relevamiento-deportivo-provincial-2024","status":"publish","type":"post","link":"https:\/\/elfaroonline.com.ar\/index.php\/2024\/11\/04\/comienza-el-relevamiento-deportivo-provincial-2024\/","title":{"rendered":"Comienza el Relevamiento Deportivo Provincial 2024"},"content":{"rendered":"<p class=\"v1MsoNormal\">Este lunes 4 de noviembre iniciar\u00e1 la toma de datos para organizadores de eventos y deportistas en el marco del Relevamiento Deportivo Provincial 2024 que lleva adelante la Secretar\u00eda de Deportes y Recreaci\u00f3n, dependiente del Ministerio de Cultura, Turismo y Deporte.<\/p>\n<p class=\"v1MsoNormal\">El relevamiento iniciar\u00e1 en el Estadio Provincial Bicentenario, de lunes a viernes de 8 a 12 hs. Pr\u00f3ximamente, se sumar\u00e1n m\u00e1s puntos para su realizaci\u00f3n. En esta etapa, se registrar\u00e1\u00a0a quienes lleven adelante la organizaci\u00f3n de eventos deportivos y a deportistas con nivel de competencia regional, nacional e internacional (no sociales ni recreativos).<\/p>\n<p class=\"v1MsoNormal\"><b>Reuni\u00f3n informativa<\/b><\/p>\n<p class=\"v1MsoNormal\">Con el objetivo de continuar con la difusi\u00f3n de la importancia de la realizaci\u00f3n del Relevamiento, en el Estadio Bicentenario se llev\u00f3 a cabo un encuentro encabezado por el secretario de Deportes y Recreaci\u00f3n Guillermo Perna y el director de Rendimiento Deportivo Emiliano Salas Porta junto a presidentes de Ligas, Federaciones y Asociaciones para interiorizarlos sobre la toma de datos, la metodolog\u00eda de su recopilaci\u00f3n y an\u00e1lisis, su gran importancia para las acci\u00f3n a desarrollar y las pol\u00edticas que se implementar\u00e1n a partir de la informaci\u00f3n que de all\u00ed resulte.<\/p>\n<p class=\"v1MsoNormal\">Cabe resaltar que la recopilaci\u00f3n de estos datos no s\u00f3lo permitir\u00e1 tener indicadores certeros de la situaci\u00f3n actual del deporte en la provincia, sino tambi\u00e9n que es de vital importancia que todos est\u00e9n formando parte de este relevamiento para poder gestionar a futuro aportes y el acompa\u00f1amiento por parte del gobierno Provincial.<\/p>\n","protected":false},"excerpt":{"rendered":"<p>Este lunes 4 de noviembre iniciar\u00e1 la toma de datos para organizadores de eventos y deportistas en el marco del Relevamiento Deportivo Provincial 2024 que lleva adelante la Secretar\u00eda de Deportes y Recreaci\u00f3n, dependiente del Ministerio de Cultura, Turismo y Deporte. El relevamiento iniciar\u00e1 en el Estadio Provincial Bicentenario, de lunes a viernes de 8 [&hellip;]<\/p>\n","protected":false},"author":2,"featured_media":2889,"comment_status":"open","ping_status":"open","sticky":false,"template":"","format":"standard","meta":{"footnotes":""},"categories":[25],"tags":[],"class_list":{"0":"post-2888","1":"post","2":"type-post","3":"status-publish","4":"format-standard","5":"has-post-thumbnail","7":"category-deportes"},"aioseo_notices":[],"_links":{"self":[{"href":"https:\/\/elfaroonline.com.ar\/index.php\/wp-json\/wp\/v2\/posts\/2888","targetHints":{"allow":["GET"]}}],"collection":[{"href":"https:\/\/elfaroonline.com.ar\/index.php\/wp-json\/wp\/v2\/posts"}],"about":[{"href":"https:\/\/elfaroonline.com.ar\/index.php\/wp-json\/wp\/v2\/types\/post"}],"author":[{"embeddable":true,"href":"https:\/\/elfaroonline.com.ar\/index.php\/wp-json\/wp\/v2\/users\/2"}],"replies":[{"embeddable":true,"href":"https:\/\/elfaroonline.com.ar\/index.php\/wp-json\/wp\/v2\/comments?post=2888"}],"version-history":[{"count":2,"href":"https:\/\/elfaroonline.com.ar\/index.php\/wp-json\/wp\/v2\/posts\/2888\/revisions"}],"predecessor-version":[{"id":2892,"href":"https:\/\/elfaroonline.com.ar\/index.php\/wp-json\/wp\/v2\/posts\/2888\/revisions\/2892"}],"wp:featuredmedia":[{"embeddable":true,"href":"https:\/\/elfaroonline.com.ar\/index.php\/wp-json\/wp\/v2\/media\/2889"}],"wp:attachment":[{"href":"https:\/\/elfaroonline.com.ar\/index.php\/wp-json\/wp\/v2\/media?parent=2888"}],"wp:term":[{"taxonomy":"category","embeddable":true,"href":"https:\/\/elfaroonline.com.ar\/index.php\/wp-json\/wp\/v2\/categories?post=2888"},{"taxonomy":"post_tag","embeddable":true,"href":"https:\/\/elfaroonline.com.ar\/index.php\/wp-json\/wp\/v2\/tags?post=2888"}],"curies":[{"name":"wp","href":"https:\/\/api.w.org\/{rel}","templated":true}]}}