{"id":2893,"date":"2024-11-04T06:50:00","date_gmt":"2024-11-04T09:50:00","guid":{"rendered":"https:\/\/elfaroonline.com.ar\/?p=2893"},"modified":"2024-11-04T06:50:00","modified_gmt":"2024-11-04T09:50:00","slug":"operativo-de-rescate-en-el-departamento-santa-maria","status":"publish","type":"post","link":"https:\/\/elfaroonline.com.ar\/index.php\/2024\/11\/04\/operativo-de-rescate-en-el-departamento-santa-maria\/","title":{"rendered":"Operativo de Rescate en el Departamento Santa Mar\u00eda"},"content":{"rendered":"<p>&nbsp;<\/p>\n<p>Durante la noche del S\u00e1bado, se activ\u00f3 un operativo de b\u00fasqueda y rescate en la zona del Cerro Bols\u00f3n, Santa Mar\u00eda, tras reportarse un grupo de personas extraviadas. Entre ellas, un hombre de 28 a\u00f1os, oriundo de C\u00f3rdoba, que habr\u00eda sufrido un edema cerebral, posiblemente provocado por mal agudo de lo monta\u00f1a y otras complicaciones f\u00edsicas.<\/p>\n<p>Bomberos y Defensa Civil de Santa Mar\u00eda y de San Jos\u00e9 y policia fueron desplegados r\u00e1pidamente para iniciar las labores de rescate. Sin embargo, ante la imposibilidad de trasladar al hombre por v\u00eda terrestre debido a la complejidad de su cuadro de salud y el terreno, se solicit\u00f3 en la madrugada apoyo a\u00e9reo.<\/p>\n<p>Es por ello, la Ministra de Seguridad de Catamarca, Dra. Fabiola Segura solicit\u00f3 la colaboraci\u00f3n nacional, incluyendo el Plan nacional de Manejo del Fuego, Ministerio de Defensa y el Ministerio de Seguridad de la Naci\u00f3n, donde a trav\u00e9s de ellos contamos con la colaboraci\u00f3n de la Aeronave del Gobierno de Mendoza. Asimismo se cont\u00f3 con la predisposici\u00f3n de las provincias de Salta, Tucum\u00e1n, Santiago del Estero y C\u00f3rdoba quienes articularon a traves del Sistema de Protecci\u00f3n Civil de todo el pa\u00eds.<\/p>\n<p>Pese a los esfuerzos, el Helic\u00f3ptero B3 de la Provincia de Mendoza, no pudo atravesar la Provincia de La Rioja debido a las condiciones clim\u00e1ticas que impidieron el acceso a\u00e9reo a la zona. Es por ello que en una \u201cventana\u201d de condiciones clim\u00e1ticas que surgi\u00f3 a las 17hs, pudo ser apto el vuelo del Helic\u00f3ptero del Plan Nacional de Manejo del Fuego, que hace base en Catamarca, el cual a trav\u00e9s de la comunicaci\u00f3n con personal terrestre que realizaba el rescate a pie, lograron coordinar un punto de rescate a 3000m de altura. No obstante a eso, el helic\u00f3ptero despeg\u00f3 de Casa de Gobierno, pero regres\u00f3 al poco tiempo, dado a la poca visibilidad debido a las inclemencias clim\u00e1ticas lo que no le permitio seguir avanzando en la ruta a\u00e9rea, teniendo que regresar 30km antes de llegar al punto de rescate, es por todo ello que se decidi\u00f3 seguir avanzando con el rescate terrestre con la coordinaci\u00f3n de Defensa civil de la provincia, de los municipios, Bomberos voluntarios, el Grupo GER, la Polic\u00eda de Catamarca, Ministerio de Salud y todas sus \u00e1reas.<\/p>\n<p>El esfuerzo coordinado y el compromiso de todas las partes involucradas destacan la importancia de los sistemas de emergencia, que trabajan incans.ablemente para garantizar la seguridad en situaciones de alto riesgo y en zonas de dif\u00edcil acceso. Sumado al apoyo de los gobiernos provinciales y nacional.<\/p>\n","protected":false},"excerpt":{"rendered":"<p>&nbsp; Durante la noche del S\u00e1bado, se activ\u00f3 un operativo de b\u00fasqueda y rescate en la zona del Cerro Bols\u00f3n, Santa Mar\u00eda, tras reportarse un grupo de personas extraviadas. Entre ellas, un hombre de 28 a\u00f1os, oriundo de C\u00f3rdoba, que habr\u00eda sufrido un edema cerebral, posiblemente provocado por mal agudo de lo monta\u00f1a y otras [&hellip;]<\/p>\n","protected":false},"author":2,"featured_media":2894,"comment_status":"open","ping_status":"open","sticky":false,"template":"","format":"standard","meta":{"footnotes":""},"categories":[27],"tags":[],"class_list":{"0":"post-2893","1":"post","2":"type-post","3":"status-publish","4":"format-standard","5":"has-post-thumbnail","7":"category-policiales"},"aioseo_notices":[],"_links":{"self":[{"href":"https:\/\/elfaroonline.com.ar\/index.php\/wp-json\/wp\/v2\/posts\/2893","targetHints":{"allow":["GET"]}}],"collection":[{"href":"https:\/\/elfaroonline.com.ar\/index.php\/wp-json\/wp\/v2\/posts"}],"about":[{"href":"https:\/\/elfaroonline.com.ar\/index.php\/wp-json\/wp\/v2\/types\/post"}],"author":[{"embeddable":true,"href":"https:\/\/elfaroonline.com.ar\/index.php\/wp-json\/wp\/v2\/users\/2"}],"replies":[{"embeddable":true,"href":"https:\/\/elfaroonline.com.ar\/index.php\/wp-json\/wp\/v2\/comments?post=2893"}],"version-history":[{"count":1,"href":"https:\/\/elfaroonline.com.ar\/index.php\/wp-json\/wp\/v2\/posts\/2893\/revisions"}],"predecessor-version":[{"id":2895,"href":"https:\/\/elfaroonline.com.ar\/index.php\/wp-json\/wp\/v2\/posts\/2893\/revisions\/2895"}],"wp:featuredmedia":[{"embeddable":true,"href":"https:\/\/elfaroonline.com.ar\/index.php\/wp-json\/wp\/v2\/media\/2894"}],"wp:attachment":[{"href":"https:\/\/elfaroonline.com.ar\/index.php\/wp-json\/wp\/v2\/media?parent=2893"}],"wp:term":[{"taxonomy":"category","embeddable":true,"href":"https:\/\/elfaroonline.com.ar\/index.php\/wp-json\/wp\/v2\/categories?post=2893"},{"taxonomy":"post_tag","embeddable":true,"href":"https:\/\/elfaroonline.com.ar\/index.php\/wp-json\/wp\/v2\/tags?post=2893"}],"curies":[{"name":"wp","href":"https:\/\/api.w.org\/{rel}","templated":true}]}}