{"id":2897,"date":"2024-11-04T06:57:18","date_gmt":"2024-11-04T09:57:18","guid":{"rendered":"https:\/\/elfaroonline.com.ar\/?p=2897"},"modified":"2024-11-04T06:57:18","modified_gmt":"2024-11-04T09:57:18","slug":"franco-colapinto-protagonizo-un-duro-accidente-y-abandono-el-gran-premio-de-brasil","status":"publish","type":"post","link":"https:\/\/elfaroonline.com.ar\/index.php\/2024\/11\/04\/franco-colapinto-protagonizo-un-duro-accidente-y-abandono-el-gran-premio-de-brasil\/","title":{"rendered":"Franco Colapinto protagoniz\u00f3 un duro accidente y abandon\u00f3 el Gran Premio de Brasil"},"content":{"rendered":"<p>El piloto argentino sali\u00f3 desde el fondo de la grilla tras una complicada clasificaci\u00f3n. Lleg\u00f3 a estar en el puesto 12, pero en la vuelta 32 se despist\u00f3 y destruy\u00f3 su Williams.<\/p>\n<div class=\"body-blogging-article \">\n<p class=\"paragraph\">En una carrera muy accidentada por las condiciones clim\u00e1ticas que complicaron el normal desarrollo en Interlagos, no falt\u00f3 la emoci\u00f3n y buenos traspasos de los pilotos. Max Verstappen fue el gran ganador del Gran Premio de Brasil de F1.<\/p>\n<\/div>\n<div class=\"body-blogging-article \">\n<p class=\"paragraph\">Pese a haber largado en el puesto 17\u00b0 por penalidad, el neerland\u00e9s de Red Bull tuvo una actuaci\u00f3n brillante y se qued\u00f3 con el triunfo que lo dej\u00f3 muy cerca del t\u00edtulo mundial. Ya en la primera curva, hab\u00eda avanzado al puesto 11\u00b0. Detr\u00e1s se ubicaron Esteban Ocon y Pierre Gasly, quienes tuvieron un rendimiento notable para Alpine, que gan\u00f3 varios puestos en la carrera de constructores.<\/p>\n<\/div>\n<div class=\"body-blogging-article \">\n<p class=\"paragraph\">La mala noticia lleg\u00f3 por el duro accidente de Franco Colapinto, quien hab\u00eda logrado salir a pista en el puesto 16 de la grilla pese a su despiste en la clasificaci\u00f3n. Aunque lleg\u00f3 a estar en el puesto 12\u00b0 en una carrera ca\u00f3tica, la falta de experiencia en lluvia le jug\u00f3 una mala pasada al argentino de 21 a\u00f1os, que perdi\u00f3 el control de su Williams en la vuelta 32, destruy\u00f3 su auto y abandon\u00f3.<\/p>\n<p>El argentino busc\u00f3 llevar tranquilidad: \u201cEstoy bien f\u00edsicamente\u201d. \u201cEstoy muy triste, perd\u00f3n al equipo, trabaj\u00f3 un mont\u00f3n para poner el auto en pista\u201d, se lament\u00f3.<\/p>\n<p>&nbsp;<\/p>\n<\/div>\n","protected":false},"excerpt":{"rendered":"<p>El piloto argentino sali\u00f3 desde el fondo de la grilla tras una complicada clasificaci\u00f3n. Lleg\u00f3 a estar en el puesto 12, pero en la vuelta 32 se despist\u00f3 y destruy\u00f3 su Williams. En una carrera muy accidentada por las condiciones clim\u00e1ticas que complicaron el normal desarrollo en Interlagos, no falt\u00f3 la emoci\u00f3n y buenos traspasos [&hellip;]<\/p>\n","protected":false},"author":2,"featured_media":2898,"comment_status":"open","ping_status":"open","sticky":false,"template":"","format":"standard","meta":{"footnotes":""},"categories":[25],"tags":[],"class_list":{"0":"post-2897","1":"post","2":"type-post","3":"status-publish","4":"format-standard","5":"has-post-thumbnail","7":"category-deportes"},"aioseo_notices":[],"_links":{"self":[{"href":"https:\/\/elfaroonline.com.ar\/index.php\/wp-json\/wp\/v2\/posts\/2897","targetHints":{"allow":["GET"]}}],"collection":[{"href":"https:\/\/elfaroonline.com.ar\/index.php\/wp-json\/wp\/v2\/posts"}],"about":[{"href":"https:\/\/elfaroonline.com.ar\/index.php\/wp-json\/wp\/v2\/types\/post"}],"author":[{"embeddable":true,"href":"https:\/\/elfaroonline.com.ar\/index.php\/wp-json\/wp\/v2\/users\/2"}],"replies":[{"embeddable":true,"href":"https:\/\/elfaroonline.com.ar\/index.php\/wp-json\/wp\/v2\/comments?post=2897"}],"version-history":[{"count":1,"href":"https:\/\/elfaroonline.com.ar\/index.php\/wp-json\/wp\/v2\/posts\/2897\/revisions"}],"predecessor-version":[{"id":2899,"href":"https:\/\/elfaroonline.com.ar\/index.php\/wp-json\/wp\/v2\/posts\/2897\/revisions\/2899"}],"wp:featuredmedia":[{"embeddable":true,"href":"https:\/\/elfaroonline.com.ar\/index.php\/wp-json\/wp\/v2\/media\/2898"}],"wp:attachment":[{"href":"https:\/\/elfaroonline.com.ar\/index.php\/wp-json\/wp\/v2\/media?parent=2897"}],"wp:term":[{"taxonomy":"category","embeddable":true,"href":"https:\/\/elfaroonline.com.ar\/index.php\/wp-json\/wp\/v2\/categories?post=2897"},{"taxonomy":"post_tag","embeddable":true,"href":"https:\/\/elfaroonline.com.ar\/index.php\/wp-json\/wp\/v2\/tags?post=2897"}],"curies":[{"name":"wp","href":"https:\/\/api.w.org\/{rel}","templated":true}]}}