{"id":2904,"date":"2024-11-06T21:41:58","date_gmt":"2024-11-07T00:41:58","guid":{"rendered":"https:\/\/elfaroonline.com.ar\/?p=2904"},"modified":"2024-11-06T21:41:58","modified_gmt":"2024-11-07T00:41:58","slug":"a-traves-del-programa-ahorro-previo-nuevos-vecinos-cumplieron-el-sueno-de-la-casa-propia","status":"publish","type":"post","link":"https:\/\/elfaroonline.com.ar\/index.php\/2024\/11\/06\/a-traves-del-programa-ahorro-previo-nuevos-vecinos-cumplieron-el-sueno-de-la-casa-propia\/","title":{"rendered":"A trav\u00e9s del programa &#8220;Ahorro previo&#8221;, nuevos vecinos cumplieron el sue\u00f1o de la casa propia"},"content":{"rendered":"<p class=\"v1MsoNormal\"><span lang=\"ES\">El gobernador Ra\u00fal Jalil, junto al ministro de Vivienda y Urbanizaci\u00f3n, Fidel S\u00e1enz, realizaron la entrega de tres nuevas unidades habitacionales ubicadas en el sector norte de la ciudad y que fueron construidas dentro de los lineamientos establecidos en el marco del Programa &#8220;Construcci\u00f3n de vivienda en terreno propio con Ahorro Previo&#8221; que administra esa cartera provincial.<\/span><\/p>\n<p class=\"v1MsoNormal\"><span lang=\"ES\">Concretamente, se tratan de tres viviendas ubicadas en el sector barrial denominado Portal Norte y que se encuadran en el programa, que prev\u00e9 una modalidad donde el beneficiario aporta el terreno y el 30% del valor de la vivienda a modo de ahorro.<\/span><\/p>\n<p class=\"v1MsoNormal\"><span lang=\"ES\">En la oportunidad, una de las beneficiarias, \u00c9rica Gal\u00edndez, destac\u00f3 el valor que posee para una familia acceder a &#8220;un techo propio&#8221;, al tiempo que agradeci\u00f3 a las autoridades provinciales por el trabajo diario a favor de la comunidad y los inst\u00f3 a continuar brindando respuestas y soluciones a los catamarque\u00f1os.<\/span><\/p>\n<p class=\"v1MsoNormal\"><span lang=\"ES\">El Instituto Provincial de la Vivienda cuenta con este programa denominado &#8220;Ahorro Previo: Construcci\u00f3n de vivienda en terreno propio&#8221;, cuya modalidad contempla a aquellos postulantes inscriptos, con terreno propio y capacidad de pago. <\/span><\/p>\n<p class=\"v1MsoNormal\"><span lang=\"ES\">Espec\u00edficamente, el beneficiario debe aportar el terreno y el 30% del valor de la vivienda a modo de ahorro, mientras que el IPV iniciar\u00e1 la construcci\u00f3n de la casa y una vez finalizada la misma, se financiar\u00e1 el 70% restante con una cuota cuyo valor m\u00ednimo debe ser de $250.000. En el caso de los terrenos, deben tener su situaci\u00f3n dominial saneada y contar con los servicios conectados.<\/span><\/p>\n","protected":false},"excerpt":{"rendered":"<p>El gobernador Ra\u00fal Jalil, junto al ministro de Vivienda y Urbanizaci\u00f3n, Fidel S\u00e1enz, realizaron la entrega de tres nuevas unidades habitacionales ubicadas en el sector norte de la ciudad y que fueron construidas dentro de los lineamientos establecidos en el marco del Programa &#8220;Construcci\u00f3n de vivienda en terreno propio con Ahorro Previo&#8221; que administra esa [&hellip;]<\/p>\n","protected":false},"author":2,"featured_media":2905,"comment_status":"open","ping_status":"open","sticky":false,"template":"","format":"standard","meta":{"footnotes":""},"categories":[23,20],"tags":[],"class_list":{"0":"post-2904","1":"post","2":"type-post","3":"status-publish","4":"format-standard","5":"has-post-thumbnail","7":"category-destacados","8":"category-sociedad"},"aioseo_notices":[],"_links":{"self":[{"href":"https:\/\/elfaroonline.com.ar\/index.php\/wp-json\/wp\/v2\/posts\/2904","targetHints":{"allow":["GET"]}}],"collection":[{"href":"https:\/\/elfaroonline.com.ar\/index.php\/wp-json\/wp\/v2\/posts"}],"about":[{"href":"https:\/\/elfaroonline.com.ar\/index.php\/wp-json\/wp\/v2\/types\/post"}],"author":[{"embeddable":true,"href":"https:\/\/elfaroonline.com.ar\/index.php\/wp-json\/wp\/v2\/users\/2"}],"replies":[{"embeddable":true,"href":"https:\/\/elfaroonline.com.ar\/index.php\/wp-json\/wp\/v2\/comments?post=2904"}],"version-history":[{"count":1,"href":"https:\/\/elfaroonline.com.ar\/index.php\/wp-json\/wp\/v2\/posts\/2904\/revisions"}],"predecessor-version":[{"id":2906,"href":"https:\/\/elfaroonline.com.ar\/index.php\/wp-json\/wp\/v2\/posts\/2904\/revisions\/2906"}],"wp:featuredmedia":[{"embeddable":true,"href":"https:\/\/elfaroonline.com.ar\/index.php\/wp-json\/wp\/v2\/media\/2905"}],"wp:attachment":[{"href":"https:\/\/elfaroonline.com.ar\/index.php\/wp-json\/wp\/v2\/media?parent=2904"}],"wp:term":[{"taxonomy":"category","embeddable":true,"href":"https:\/\/elfaroonline.com.ar\/index.php\/wp-json\/wp\/v2\/categories?post=2904"},{"taxonomy":"post_tag","embeddable":true,"href":"https:\/\/elfaroonline.com.ar\/index.php\/wp-json\/wp\/v2\/tags?post=2904"}],"curies":[{"name":"wp","href":"https:\/\/api.w.org\/{rel}","templated":true}]}}